{"id":63662,"date":"2020-07-02T12:25:37","date_gmt":"2020-07-02T15:25:37","guid":{"rendered":"https:\/\/www.actualidadadiario.com\/?p=63662"},"modified":"2020-07-02T12:25:37","modified_gmt":"2020-07-02T15:25:37","slug":"en-junio-se-iniciaron-ocho-procesos-de-vinculacion-con-fines-adoptivos","status":"publish","type":"post","link":"https:\/\/www.actualidadadiario.com\/index.php\/2020\/07\/02\/en-junio-se-iniciaron-ocho-procesos-de-vinculacion-con-fines-adoptivos\/","title":{"rendered":"En junio se iniciaron ocho procesos de vinculaci\u00f3n con fines adoptivos"},"content":{"rendered":"<p style=\"text-align: center;\"><em><strong>A pesar del aislamiento, el Registro \u00danico de Aspirante a Guarda con Fines Adoptivos de Entre R\u00edos, sigui\u00f3 con el trabajo repensando nuevas formas de intervenci\u00f3n y estrategias. Fue as\u00ed que hay un curso ocho vinculaciones y esperan por m\u00e1s<\/strong><\/em><\/p>\n<p>&nbsp;<\/p>\n<p>&nbsp;<\/p>\n<p>La fase de aislamiento social, preventivo y obligatorio por la pandemia del coronavirus, oblig\u00f3 a nuevas formas de trabajo y en muchos organismos del Estado debieron readaptarse. En este sentido, desde el Registro \u00danico de Aspirante a Guarda con Fines Adoptivos de Entre R\u00edos (RUAER) contaron al programa Entrevistas de Elonce TV que debieron &#8220;reacomodarse&#8221; a estas nuevas circunstancias &#8220;y repensar nuestras maneras de intervenir y buscar otras estrategias&#8221; para implementar durante la cuarentena, enfrentando el desaf\u00edo de construir una familia en \u00e9pocas de pandemia.<\/p>\n<p>&#8220;Rescatamos que pudimos dise\u00f1ar estrategias que nos permitieron dar continuidad a los procesos de adopci\u00f3n que estaban iniciados y una vez que pudimos volver a la oficina, que hubo habilitaci\u00f3n de plazos judiciales, en el \u00faltimo mes pudimos avanzar en el inicio de ocho nuevos procesos de vinculaci\u00f3n y estamos a la espera de poder comenzar tres nuevos m\u00e1s antes de la feria judicial&#8221;, cont\u00f3 la abogada del Registro, Silvana Spais.<\/p>\n<p>Asimismo, destac\u00f3 el trabajo que los profesionales realizaron en forma conjunta con el organismo de protecci\u00f3n que tiene a su cargo a los ni\u00f1os en las residencias de toda la provincia, con el poder judicial, jueces y defensores, &#8220;creando estrategias en el caso a caso&#8221;.<\/p>\n<p>Bajo esta nueva modalidad, &#8220;tambi\u00e9n se pudo avanzar con la situaci\u00f3n de los postulantes que transitan un proceso de evaluaci\u00f3n o que han presentado una solicitud de inscripci\u00f3n&#8221;.<\/p>\n<p>En Entre R\u00edos hay 128 ni\u00f1os y adolescentes que tienen declarada la adoptabilidad; de ese total, 72 se encuentran en la franja etaria de 0 a 12 a\u00f1os y 56 son adolescentes.<\/p>\n<p>Durante este a\u00f1o, se concedieron 18 ni\u00f1os en guardas y desde la creaci\u00f3n del Registro, aproximadamente 520 (comenz\u00f3 a funcionar en el a\u00f1o 2011).<\/p>\n","protected":false},"excerpt":{"rendered":"<p>A pesar del aislamiento, el Registro \u00danico de Aspirante a Guarda con Fines Adoptivos de Entre R\u00edos, sigui\u00f3 con el trabajo repensando nuevas formas de intervenci\u00f3n y estrategias. Fue as\u00ed que hay un curso ocho vinculaciones y esperan por m\u00e1s &nbsp; &nbsp; La fase de aislamiento social, preventivo y obligatorio por la pandemia del coronavirus, oblig\u00f3 a nuevas formas de trabajo y en muchos organismos del Estado debieron readaptarse. En este sentido, desde el Registro \u00danico de Aspirante a Guarda con Fines Adoptivos de Entre R\u00edos (RUAER) contaron al programa&#8230;<\/p>\n","protected":false},"author":3,"featured_media":44065,"comment_status":"closed","ping_status":"closed","sticky":false,"template":"","format":"standard","meta":[],"categories":[15],"tags":[],"_links":{"self":[{"href":"https:\/\/www.actualidadadiario.com\/index.php\/wp-json\/wp\/v2\/posts\/63662"}],"collection":[{"href":"https:\/\/www.actualidadadiario.com\/index.php\/wp-json\/wp\/v2\/posts"}],"about":[{"href":"https:\/\/www.actualidadadiario.com\/index.php\/wp-json\/wp\/v2\/types\/post"}],"author":[{"embeddable":true,"href":"https:\/\/www.actualidadadiario.com\/index.php\/wp-json\/wp\/v2\/users\/3"}],"replies":[{"embeddable":true,"href":"https:\/\/www.actualidadadiario.com\/index.php\/wp-json\/wp\/v2\/comments?post=63662"}],"version-history":[{"count":1,"href":"https:\/\/www.actualidadadiario.com\/index.php\/wp-json\/wp\/v2\/posts\/63662\/revisions"}],"predecessor-version":[{"id":63663,"href":"https:\/\/www.actualidadadiario.com\/index.php\/wp-json\/wp\/v2\/posts\/63662\/revisions\/63663"}],"wp:featuredmedia":[{"embeddable":true,"href":"https:\/\/www.actualidadadiario.com\/index.php\/wp-json\/wp\/v2\/media\/44065"}],"wp:attachment":[{"href":"https:\/\/www.actualidadadiario.com\/index.php\/wp-json\/wp\/v2\/media?parent=63662"}],"wp:term":[{"taxonomy":"category","embeddable":true,"href":"https:\/\/www.actualidadadiario.com\/index.php\/wp-json\/wp\/v2\/categories?post=63662"},{"taxonomy":"post_tag","embeddable":true,"href":"https:\/\/www.actualidadadiario.com\/index.php\/wp-json\/wp\/v2\/tags?post=63662"}],"curies":[{"name":"wp","href":"https:\/\/api.w.org\/{rel}","templated":true}]}}