{"id":63657,"date":"2020-07-02T12:24:03","date_gmt":"2020-07-02T15:24:03","guid":{"rendered":"https:\/\/www.actualidadadiario.com\/?p=63657"},"modified":"2020-07-02T12:24:03","modified_gmt":"2020-07-02T15:24:03","slug":"entre-rios-comenzara-a-exportar-madera-a-granel-a-la-india-y-tablas-a-china","status":"publish","type":"post","link":"https:\/\/www.actualidadadiario.com\/index.php\/2020\/07\/02\/entre-rios-comenzara-a-exportar-madera-a-granel-a-la-india-y-tablas-a-china\/","title":{"rendered":"Entre R\u00edos comenzar\u00e1 a exportar madera a granel a la India y tablas a China"},"content":{"rendered":"<p style=\"text-align: center;\"><em><strong>La reactivaci\u00f3n del sistema portuario posibilita expandir la actividad exportadora de la provincia, a trav\u00e9s de la apertura de nuevos mercados. Se concretar\u00e1 el primer embarque de troncos de madera de pino para enviar a India en agosto y se sumar\u00e1 a China como destino para este producto<\/strong><\/em><\/p>\n<p>&nbsp;<\/p>\n<p>&nbsp;<\/p>\n<p>De igual manera se avanza en la incorporaci\u00f3n de madera aserrada en formato de tablas para exportar a China, sumando valor agregado a un producto que ser\u00e1 procesado en diferentes aserraderos de la regi\u00f3n.<\/p>\n<p>Para abordar estos temas, el ministro de Producci\u00f3n de Entre R\u00edos, Juan Jos\u00e9 Bahillo, mantuvo este mi\u00e9rcoles una teleconferencia de la que participaron Carlos Schepens, presidente del Instituto Portuario Provincial, Robert Rosa, presidente de la empresa exportadora Urcel Argentina, Adri\u00e1n Micheletto, gerente general de la misma empresa, y Pablo G\u00f3mez, referente de log\u00edstica portuaria para toda la regi\u00f3n.<\/p>\n<p>Durante el encuentro se confirm\u00f3 la incorporaci\u00f3n del mercado indio para la recepci\u00f3n de producci\u00f3n entrerriana que saldr\u00e1 desde las terminales portuarias de Concepci\u00f3n del Uruguay e Ibicuy, habi\u00e9ndose programado el primer embarque para agosto.<\/p>\n<p>\u201cEl plan de desarrollo productivo de la provincia tiene en los puertos uno de sus pilares estrat\u00e9gicos, el Gobierno Provincial sigue respaldando este crecimiento y apunta a brindar todas las condiciones que necesitan los productores entrerrianos para ser m\u00e1s competitivos y ganar nuevos mercados, todo desde nuestros propios puertos y generando m\u00e1s y mejor trabajo para los entrerrianos\u201d, detall\u00f3 Bahillo.<\/p>\n<p>Robert Rosa, presidente de la empresa Urcel Argentina, remarc\u00f3 que \u201chemos avanzando de forma constante desde que comenzamos a trabajar en Entre R\u00edos all\u00e1 por noviembre de 2018 cuando realizamos el primer embarque de madera a China. Ya llevamos 24 buques y m\u00e1s de 600.000 toneladas exportadas desde Concepci\u00f3n del Uruguay e Ibicuy, y hemos contado siempre con el respaldo del Gobierno de Entre R\u00edos. Ahora estamos en condiciones de sumar un nuevo mercado muy importante como es la India, es un paso m\u00e1s hacia adelante en un camino que todav\u00eda tiene much\u00edsimo para desarrollarse y que seguir\u00e1 sumando nuevos productos para exportar\u201d, destac\u00f3 el empresario.<\/p>\n<p>Urcel Argentina S.A., es un conglomerado empresario con amplia experiencia en la industria forestal y la log\u00edstica portuaria. Fue la responsable inicial de abrir el mercado chino a la exportaci\u00f3n de troncos de madera de pino destinada a la fabricaci\u00f3n de muebles, tablas de encofrado y bobinado para tableros, entre otros usos.<\/p>\n<p>La nueva exportaci\u00f3n a China de madera aserrada en Entre R\u00edos ser\u00e1 uno los puntos salientes de los pr\u00f3ximos encuentros, ya que se prev\u00e9 que en los pr\u00f3ximos meses se cierren los contratos con las empresas chinas interesadas en la recepci\u00f3n de este producto que brinda una salida a gran parte de la producci\u00f3n forestal que hoy no tiene mercados externos fijos.<\/p>\n<p>\u201cUn nuevo mercado y nuevos productos para la exportaci\u00f3n entrerriana significa m\u00e1s movimiento portuario, cadenas log\u00edsticas m\u00e1s grandes y un n\u00famero cada vez m\u00e1s importante de gente involucrada. El gobierno provincial suma infraestructura y gestiones para que los productores obtengan mejores condiciones para comercializar su producci\u00f3n en todo el mundo, esto es crecimiento, es desarrollo y mejores perspectivas de crecimiento integral\u201d, se\u00f1al\u00f3 Carlos Schepens respecto de la incorporaci\u00f3n de India como comprador de productos de Entre R\u00edos.<\/p>\n","protected":false},"excerpt":{"rendered":"<p>La reactivaci\u00f3n del sistema portuario posibilita expandir la actividad exportadora de la provincia, a trav\u00e9s de la apertura de nuevos mercados. Se concretar\u00e1 el primer embarque de troncos de madera de pino para enviar a India en agosto y se sumar\u00e1 a China como destino para este producto &nbsp; &nbsp; De igual manera se avanza en la incorporaci\u00f3n de madera aserrada en formato de tablas para exportar a China, sumando valor agregado a un producto que ser\u00e1 procesado en diferentes aserraderos de la regi\u00f3n. Para abordar estos temas, el ministro&#8230;<\/p>\n","protected":false},"author":3,"featured_media":63658,"comment_status":"closed","ping_status":"closed","sticky":false,"template":"","format":"standard","meta":[],"categories":[15],"tags":[],"_links":{"self":[{"href":"https:\/\/www.actualidadadiario.com\/index.php\/wp-json\/wp\/v2\/posts\/63657"}],"collection":[{"href":"https:\/\/www.actualidadadiario.com\/index.php\/wp-json\/wp\/v2\/posts"}],"about":[{"href":"https:\/\/www.actualidadadiario.com\/index.php\/wp-json\/wp\/v2\/types\/post"}],"author":[{"embeddable":true,"href":"https:\/\/www.actualidadadiario.com\/index.php\/wp-json\/wp\/v2\/users\/3"}],"replies":[{"embeddable":true,"href":"https:\/\/www.actualidadadiario.com\/index.php\/wp-json\/wp\/v2\/comments?post=63657"}],"version-history":[{"count":1,"href":"https:\/\/www.actualidadadiario.com\/index.php\/wp-json\/wp\/v2\/posts\/63657\/revisions"}],"predecessor-version":[{"id":63659,"href":"https:\/\/www.actualidadadiario.com\/index.php\/wp-json\/wp\/v2\/posts\/63657\/revisions\/63659"}],"wp:featuredmedia":[{"embeddable":true,"href":"https:\/\/www.actualidadadiario.com\/index.php\/wp-json\/wp\/v2\/media\/63658"}],"wp:attachment":[{"href":"https:\/\/www.actualidadadiario.com\/index.php\/wp-json\/wp\/v2\/media?parent=63657"}],"wp:term":[{"taxonomy":"category","embeddable":true,"href":"https:\/\/www.actualidadadiario.com\/index.php\/wp-json\/wp\/v2\/categories?post=63657"},{"taxonomy":"post_tag","embeddable":true,"href":"https:\/\/www.actualidadadiario.com\/index.php\/wp-json\/wp\/v2\/tags?post=63657"}],"curies":[{"name":"wp","href":"https:\/\/api.w.org\/{rel}","templated":true}]}}