{"id":63654,"date":"2020-07-02T12:21:43","date_gmt":"2020-07-02T15:21:43","guid":{"rendered":"https:\/\/www.actualidadadiario.com\/?p=63654"},"modified":"2020-07-02T12:21:43","modified_gmt":"2020-07-02T15:21:43","slug":"se-autorizo-la-apertura-de-gimnasios-en-ciudades-sin-casos-activos-de-covid-19","status":"publish","type":"post","link":"https:\/\/www.actualidadadiario.com\/index.php\/2020\/07\/02\/se-autorizo-la-apertura-de-gimnasios-en-ciudades-sin-casos-activos-de-covid-19\/","title":{"rendered":"Se autoriz\u00f3 la apertura de gimnasios en ciudades sin casos activos de Covid 19"},"content":{"rendered":"<p style=\"text-align: center;\"><em><strong>\u201cRealizamos un an\u00e1lisis pormenorizado de la realidad epidemiol\u00f3gica de las distintas localidades y el trabajo de los COES locales. Lo hacemos con el fin de seguir habilitando responsablemente actividades econ\u00f3micas, deportivas, culturales y recreativas\u201d, dijo el gobernador Gustavo Bordet<\/strong><\/em><\/p>\n<p>&nbsp;<\/p>\n<p>&nbsp;<\/p>\n<p>Tras la reuni\u00f3n que mantuvo este mi\u00e9rcoles con los ministros de Salud, Sonia Vel\u00e1zquez, y de Producci\u00f3n, Juan Jos\u00e9 Bahillo, el mandatario afirm\u00f3 adem\u00e1s que \u201ccon la recomendaci\u00f3n del equipo de salud, definimos autorizar a los municipios sin casos activos de Covid 19 y que puedan garantizar el cumplimiento del protocolo sanitario, a que habiliten gimnasios a partir del pr\u00f3ximo lunes\u201d.<\/p>\n<p>\u201cVamos a fijar estrategias diferenciales para las ciudades de acuerdo a su estatus sanitario\u201d, continu\u00f3 diciendo el gobernador, quien finalmente indic\u00f3: \u201cDe esta forma queremos llevar claridad y tranquilidad a las familias entrerrianas. No obstante, siempre debemos tener presente en la responsabilidad de todos y la importancia del autocuidado porque la salud es nuestra prioridad\u201d.<\/p>\n","protected":false},"excerpt":{"rendered":"<p>\u201cRealizamos un an\u00e1lisis pormenorizado de la realidad epidemiol\u00f3gica de las distintas localidades y el trabajo de los COES locales. Lo hacemos con el fin de seguir habilitando responsablemente actividades econ\u00f3micas, deportivas, culturales y recreativas\u201d, dijo el gobernador Gustavo Bordet &nbsp; &nbsp; Tras la reuni\u00f3n que mantuvo este mi\u00e9rcoles con los ministros de Salud, Sonia Vel\u00e1zquez, y de Producci\u00f3n, Juan Jos\u00e9 Bahillo, el mandatario afirm\u00f3 adem\u00e1s que \u201ccon la recomendaci\u00f3n del equipo de salud, definimos autorizar a los municipios sin casos activos de Covid 19 y que puedan garantizar el cumplimiento&#8230;<\/p>\n","protected":false},"author":3,"featured_media":63655,"comment_status":"closed","ping_status":"closed","sticky":false,"template":"","format":"standard","meta":[],"categories":[15],"tags":[],"_links":{"self":[{"href":"https:\/\/www.actualidadadiario.com\/index.php\/wp-json\/wp\/v2\/posts\/63654"}],"collection":[{"href":"https:\/\/www.actualidadadiario.com\/index.php\/wp-json\/wp\/v2\/posts"}],"about":[{"href":"https:\/\/www.actualidadadiario.com\/index.php\/wp-json\/wp\/v2\/types\/post"}],"author":[{"embeddable":true,"href":"https:\/\/www.actualidadadiario.com\/index.php\/wp-json\/wp\/v2\/users\/3"}],"replies":[{"embeddable":true,"href":"https:\/\/www.actualidadadiario.com\/index.php\/wp-json\/wp\/v2\/comments?post=63654"}],"version-history":[{"count":1,"href":"https:\/\/www.actualidadadiario.com\/index.php\/wp-json\/wp\/v2\/posts\/63654\/revisions"}],"predecessor-version":[{"id":63656,"href":"https:\/\/www.actualidadadiario.com\/index.php\/wp-json\/wp\/v2\/posts\/63654\/revisions\/63656"}],"wp:featuredmedia":[{"embeddable":true,"href":"https:\/\/www.actualidadadiario.com\/index.php\/wp-json\/wp\/v2\/media\/63655"}],"wp:attachment":[{"href":"https:\/\/www.actualidadadiario.com\/index.php\/wp-json\/wp\/v2\/media?parent=63654"}],"wp:term":[{"taxonomy":"category","embeddable":true,"href":"https:\/\/www.actualidadadiario.com\/index.php\/wp-json\/wp\/v2\/categories?post=63654"},{"taxonomy":"post_tag","embeddable":true,"href":"https:\/\/www.actualidadadiario.com\/index.php\/wp-json\/wp\/v2\/tags?post=63654"}],"curies":[{"name":"wp","href":"https:\/\/api.w.org\/{rel}","templated":true}]}}