{"id":63651,"date":"2020-07-02T12:21:01","date_gmt":"2020-07-02T15:21:01","guid":{"rendered":"https:\/\/www.actualidadadiario.com\/?p=63651"},"modified":"2020-07-02T12:21:01","modified_gmt":"2020-07-02T15:21:01","slug":"es-una-ley-que-tiene-sustento-en-la-crisis-dijo-giano","status":"publish","type":"post","link":"https:\/\/www.actualidadadiario.com\/index.php\/2020\/07\/02\/es-una-ley-que-tiene-sustento-en-la-crisis-dijo-giano\/","title":{"rendered":"\u201cEs una ley que tiene sustento en la crisis\u201d, dijo Giano"},"content":{"rendered":"<p style=\"text-align: center;\"><em><strong>El presidente de la C\u00e1mara de Diputados de la provincia, \u00c1ngel Giano, asegur\u00f3 que el proyecto de ley de emergencia solidaria, que tuvo media sanci\u00f3n este mi\u00e9rcoles al mediod\u00eda en diputados \u201ces de una ley que tiene sustento en la crisis\u201d<\/strong><\/em><\/p>\n<p>&nbsp;<\/p>\n<p>Record\u00f3 que el proyecto que ser\u00e1 debatido en el Senado en las pr\u00f3ximas horas, fue presentado el viernes por el gobernador Gustavo Bordet, en la C\u00e1mara de Diputados y &#8220;tuvo la aprobaci\u00f3n luego de un largo debate con el voto del bloque justicialista Frente Creer Entre R\u00edos, y se est\u00e1 remitiendo a la C\u00e1mara de Senadores para que en la pr\u00f3xima sesi\u00f3n le den el tratamiento y la sanci\u00f3n definitiva&#8221;.<\/p>\n<p>Adelant\u00f3 que se incorpor\u00f3 un art\u00edculo, \u201cque cuando la provincia pueda en eso vamos a trabajar los legisladores y legisladoras, aumentar recursos de forma extraordinaria, es decir por fuera de lo presupuestado o podamos sancionar alguna ley que le cobre tributos a alguna actividad econ\u00f3mica que no est\u00e1 comprendida de los que pagan ingresos brutos por ejemplo\u201d. Y agreg\u00f3: \u201cEsto va a facilitar de quienes van a hacer este aporte y contribuciones extraordinaria en tanto pasivos como activos de la primera escala, es decir progresivamente de hacerlo a medida que ingresan recursos extraordinarios eso lo contemplamos y vamos a hacer un control semestral para analizar este articulo que hemos votado y tambi\u00e9n es un art\u00edculo que centraliza lo referido al aumento de haberes en el poder ejecutivo\u201d.<\/p>\n<p>El legislador asegur\u00f3 que &#8220;fueron muchas horas de debate, cada bloque de orador u oradora, plantearon sus argumentos, sus coincidencias y disidencias, y finalmente se dio el tratamiento que ten\u00eda preferencia luego de la sesi\u00f3n del d\u00eda de ayer&#8221;.<\/p>\n<p>El legislador apunt\u00f3 que &#8220;a partir de esta media sanci\u00f3n, queda la media sanci\u00f3n restante a la C\u00e1mara de Senadores y despu\u00e9s el gobernador tendr\u00e1 que promulgar la ley&#8221;. En este sentido asegur\u00f3 que &#8220;es una ley que tiene sustento en la crisis inesperada, hist\u00f3rica, producto de la pandemia, m\u00e1s all\u00e1 de situaciones que se hab\u00edan generado en el segundo semestre fundamentalmente del a\u00f1o pasado, ante las malas medidas econ\u00f3micas del gobierno nacional en ese momento, sobretodo a partir de perder las elecciones Paso que la provincia sede financio en 4000 millones de pesos&#8221;<\/p>\n<p>Record\u00f3 que el a\u00f1o pasado &#8220;se elabor\u00f3 un presupuesto el a\u00f1o pasado que no consideraba la pandemia y el gobernador tuvo que hacer frente con su equipo a esta crisis sanitaria y hubo que fortalecer el sistema de salud, duplicar el presupuesto de salud&#8221;. Se\u00f1al\u00f3 que &#8220;Entre R\u00edos es una provincia que no tiene decesos producto del coronavirus y que ha funcionado muy bien, reconocida por todos y tambi\u00e9n se ha tenido que fortalecer todo lo referido a la pol\u00edtica social, a los comedores fundamentalmente y mantener el funcionamiento de la administraci\u00f3n p\u00fablica que no es f\u00e1cil\u201d.<\/p>\n<p>En este marco dijo que &#8220;justifica esta emergencia solidaria claramente lograr el funcionamiento de los servicios esenciales por parte del estado provincial pero tambi\u00e9n en particular logar la sustentabilidad de la Caja de jubilaciones que es de todos los entrerrianos por Constituci\u00f3n, seguir garantiz\u00e1ndole casi el 82 por ciento m\u00f3vil a los jubilados y jubiladas que es una de las pocas provincias que lo tiene\u201d.<\/p>\n<p>Adem\u00e1s, se\u00f1al\u00f3 que \u201ctambi\u00e9n se le empieza a cobrar m\u00e1s impuestos a quienes m\u00e1s dinero han ganado como los bancos, las droguer\u00edas, las grandes empresas que venden medicamentos al por mayor y tambi\u00e9n los propietarios de m\u00e1s de 1000 hect\u00e1reas en Entre R\u00edos, esto es el 3 por ciento de quienes pagan el impuesto inmobiliario rural.<\/p>\n<p>&nbsp;<\/p>\n<p><strong>Aumentos salariales<\/strong><\/p>\n<p>Puntualiz\u00f3 que &#8220;hay organismo del estado que tienen reg\u00edmenes especiales para los aumentos salariales o poderes. y ac\u00e1 lo que se pretende es que se pueda acordar en paritarias libres, cada uno de los gremios de trabajadores y trabajadoras que tienen que ver con el estado, puedan ser equitativa e igualitaria razonables&#8221;. Agreg\u00f3 que &#8220;es importante esta ley para comprender a\u00fan m\u00e1s la situaci\u00f3n cr\u00edtica que est\u00e1 atravesando la sociedad, el sector privado con la contracci\u00f3n de la econom\u00eda, nadie puede dudar que las actividades econ\u00f3micas est\u00e1 sumamente resentida en general debido al aislamiento, a la baja circulaci\u00f3n de las personas como consecuencia de la pandemia. Han bajado las ventas, hay trabajadores del sector privado que han tenido que reducir sus haberes o sus ingresos para llegar a fin de mes, creo que hay que estar viendo esa situaci\u00f3n y qui\u00e9nes m\u00e1s capacidad contributiva tienen, o quienes tienen un ingreso mayor, puedan solidariamente dar un aporte extraordinario por un tiempo determinado, el 30 de junio del a\u00f1o que viene&#8221;.<\/p>\n<p>Por \u00faltimo, coment\u00f3 que &#8220;el senado sesiona ma\u00f1ana as\u00ed que podr\u00eda estar la Ley con sanci\u00f3n definitiva ma\u00f1ana y despu\u00e9s el Ejecutivo deber\u00e1 promulgarla, publicarla en el Bolet\u00edn Oficial y entrar\u00eda en vigencia&#8221;.<\/p>\n","protected":false},"excerpt":{"rendered":"<p>El presidente de la C\u00e1mara de Diputados de la provincia, \u00c1ngel Giano, asegur\u00f3 que el proyecto de ley de emergencia solidaria, que tuvo media sanci\u00f3n este mi\u00e9rcoles al mediod\u00eda en diputados \u201ces de una ley que tiene sustento en la crisis\u201d &nbsp; Record\u00f3 que el proyecto que ser\u00e1 debatido en el Senado en las pr\u00f3ximas horas, fue presentado el viernes por el gobernador Gustavo Bordet, en la C\u00e1mara de Diputados y &#8220;tuvo la aprobaci\u00f3n luego de un largo debate con el voto del bloque justicialista Frente Creer Entre R\u00edos, y&#8230;<\/p>\n","protected":false},"author":3,"featured_media":63652,"comment_status":"closed","ping_status":"closed","sticky":false,"template":"","format":"standard","meta":[],"categories":[15],"tags":[],"_links":{"self":[{"href":"https:\/\/www.actualidadadiario.com\/index.php\/wp-json\/wp\/v2\/posts\/63651"}],"collection":[{"href":"https:\/\/www.actualidadadiario.com\/index.php\/wp-json\/wp\/v2\/posts"}],"about":[{"href":"https:\/\/www.actualidadadiario.com\/index.php\/wp-json\/wp\/v2\/types\/post"}],"author":[{"embeddable":true,"href":"https:\/\/www.actualidadadiario.com\/index.php\/wp-json\/wp\/v2\/users\/3"}],"replies":[{"embeddable":true,"href":"https:\/\/www.actualidadadiario.com\/index.php\/wp-json\/wp\/v2\/comments?post=63651"}],"version-history":[{"count":1,"href":"https:\/\/www.actualidadadiario.com\/index.php\/wp-json\/wp\/v2\/posts\/63651\/revisions"}],"predecessor-version":[{"id":63653,"href":"https:\/\/www.actualidadadiario.com\/index.php\/wp-json\/wp\/v2\/posts\/63651\/revisions\/63653"}],"wp:featuredmedia":[{"embeddable":true,"href":"https:\/\/www.actualidadadiario.com\/index.php\/wp-json\/wp\/v2\/media\/63652"}],"wp:attachment":[{"href":"https:\/\/www.actualidadadiario.com\/index.php\/wp-json\/wp\/v2\/media?parent=63651"}],"wp:term":[{"taxonomy":"category","embeddable":true,"href":"https:\/\/www.actualidadadiario.com\/index.php\/wp-json\/wp\/v2\/categories?post=63651"},{"taxonomy":"post_tag","embeddable":true,"href":"https:\/\/www.actualidadadiario.com\/index.php\/wp-json\/wp\/v2\/tags?post=63651"}],"curies":[{"name":"wp","href":"https:\/\/api.w.org\/{rel}","templated":true}]}}