{"id":63645,"date":"2020-07-01T13:03:24","date_gmt":"2020-07-01T16:03:24","guid":{"rendered":"https:\/\/www.actualidadadiario.com\/?p=63645"},"modified":"2020-07-01T13:03:24","modified_gmt":"2020-07-01T16:03:24","slug":"coronavirus-la-ivermectina-acelera-la-recuperacion","status":"publish","type":"post","link":"https:\/\/www.actualidadadiario.com\/index.php\/2020\/07\/01\/coronavirus-la-ivermectina-acelera-la-recuperacion\/","title":{"rendered":"Coronavirus: la ivermectina acelera la recuperaci\u00f3n"},"content":{"rendered":"<p style=\"text-align: center;\"><em><strong>El protocolo que est\u00e1n realizando cient\u00edficos de la UBA muestra resultados promisorios para el tratamiento y prevenci\u00f3n de la enfermedad<\/strong><\/em><\/p>\n<p>&nbsp;<\/p>\n<p>&nbsp;<\/p>\n<p>Se dieron a conocer los resultados preliminares, del 27 de mayo al 26 de junio, de dos protocolos utilizando ivermectina que realizan cient\u00edficos de la Universidad de Buenos Aires (UBA) en el Hospital Doctor A. Eurnekian de Ezeiza.<\/p>\n<p>El primer protocolo consiste en medicaci\u00f3n para casos de enfermos leves (ivermectina y aspirina), moderados (ivermectina, aspirina y dexametasona) y graves (ivermectina, dexametasona y enoxaparina). En el segundo protocolo, destinado al personal del hospital sano, se administra un spray nasal y gotas orales para proteger la nariz y la boca.<\/p>\n<p>A cargo de ambos protocolos est\u00e1 H\u00e9ctor Carvallo, ex profesor adjunto de Medicina Interna de la UBA y lo lleva adelante junto a otros profesionales de la UBA, el Hospital Mu\u00f1iz y Hospital de Ezeiza.<\/p>\n<p>Entre el 27 de mayo y el 26 de junio se diagnosticaron 161 pacientes en el protocolo. Los leves y\/o asintom\u00e1ticos (138 casos, 85,7% del total) fueron tratados ambulatoriamente. En algunos casos, debido a las carencias habitacionales, se reubicaron en centros de refugio acondicionados ad hoc. Al cumplirse 15 d\u00edas de sus respectivos diagn\u00f3sticos, ninguno requiri\u00f3 ser admitido en el Hospital. En todos los casos, estos pacientes ambulatorios recibieron Ivermectina (24 mg. oral en \u00fanica dosis, repetida una semana despu\u00e9s) y aspirina (250 mg\/d\u00eda, todos los d\u00edas).<\/p>\n<p>Los restantes casos fueron moderados (10) y severos (13), con neumon\u00eda bilateral, en algunos casos con comorbilidades (EPOC, c\u00e1ncer, diabetes, epilepsia, entre otros). Cada paciente recibi\u00f3 el esquema terap\u00e9utico y la dosis adecuada a su categorizaci\u00f3n.<\/p>\n<p>En cuanto a la evoluci\u00f3n de estos casos, en 15 fue buena y alta; en 4 fue buena y siguen internados y 3 casos siguen estables. Se produjo un solo fallecimiento en una persona de 80 a\u00f1os.<\/p>\n<p>Seg\u00fan explic\u00f3 H\u00e9ctor Carvallo, esta experiencia demuestra que con el tratamiento de Ivermectina se \u201creduce el pasaje de formas leves a moderada o graves. Por otro lado, en las formas que debutan como moderadas o graves, aminora el pasaje a las formas cr\u00edticas y a la muerte. Adem\u00e1s, los tiempos de recuperaci\u00f3n se reducen parcialmente porque de los 23 pacientes moderados a graves que requirieron internaci\u00f3n, muchos fueron dados de alta cuando algunos moderados suelen quedarse de 3 a 4 semanas\u201d.<\/p>\n<p>Carvallo destac\u00f3 que en esta etapa del protocolo, \u201cel 65% de los pacientes con 43 a 65 a\u00f1os incluye a una poblaci\u00f3n vulnerable. Esto es importante porque al principio se pensaba que la poblaci\u00f3n vulnerable era la poblaci\u00f3n con m\u00e1s de 80 a\u00f1os, luego baj\u00f3 a 70 y hoy se est\u00e1 viendo que el promedio es de 50 a\u00f1os. Si el promedio de los que fueron tratados fue de 53,6 a\u00f1os, quiere decir se estuvo poniendo el foco en la franja de edad m\u00e1s afectada\u201d.<\/p>\n<p>El cient\u00edfico destac\u00f3 la importancia de la precocidad para el tratamiento en los pacientes: \u201cUna persona que llegaba con s\u00edntomas sospechosos y buen estado general, en el momento del hisopado se le entregaban los medicamentos del protocolo para empezar a tomarlos (ivermectina y aspirina). A los dos d\u00edas, si el resultado del hisopado daba positivo de coronavirus, se le indicaba que siga el tratamiento. Si daba negativo, se le ped\u00eda suspenderlo\u201d.<\/p>\n<p>Por otra parte, el protocolo de administraci\u00f3n de spray nasal como complemento de los elementos de protecci\u00f3n se hizo en 105 personas que forman parte del personal m\u00e9dico y no m\u00e9dico del hospital. En este caso, no se produjo ning\u00fan caso de coronavirus.<\/p>\n<p>Para Carvallo, esto demuestra que \u201cel tratamiento de prevenci\u00f3n es efectivo como complemento de los equipos de protecci\u00f3n personal, es decir que incrementa la eficiencia de \u00e9stos\u201d.<\/p>\n","protected":false},"excerpt":{"rendered":"<p>El protocolo que est\u00e1n realizando cient\u00edficos de la UBA muestra resultados promisorios para el tratamiento y prevenci\u00f3n de la enfermedad &nbsp; &nbsp; Se dieron a conocer los resultados preliminares, del 27 de mayo al 26 de junio, de dos protocolos utilizando ivermectina que realizan cient\u00edficos de la Universidad de Buenos Aires (UBA) en el Hospital Doctor A. Eurnekian de Ezeiza. El primer protocolo consiste en medicaci\u00f3n para casos de enfermos leves (ivermectina y aspirina), moderados (ivermectina, aspirina y dexametasona) y graves (ivermectina, dexametasona y enoxaparina). En el segundo protocolo, destinado&#8230;<\/p>\n","protected":false},"author":3,"featured_media":63646,"comment_status":"closed","ping_status":"closed","sticky":false,"template":"","format":"standard","meta":[],"categories":[4],"tags":[],"_links":{"self":[{"href":"https:\/\/www.actualidadadiario.com\/index.php\/wp-json\/wp\/v2\/posts\/63645"}],"collection":[{"href":"https:\/\/www.actualidadadiario.com\/index.php\/wp-json\/wp\/v2\/posts"}],"about":[{"href":"https:\/\/www.actualidadadiario.com\/index.php\/wp-json\/wp\/v2\/types\/post"}],"author":[{"embeddable":true,"href":"https:\/\/www.actualidadadiario.com\/index.php\/wp-json\/wp\/v2\/users\/3"}],"replies":[{"embeddable":true,"href":"https:\/\/www.actualidadadiario.com\/index.php\/wp-json\/wp\/v2\/comments?post=63645"}],"version-history":[{"count":1,"href":"https:\/\/www.actualidadadiario.com\/index.php\/wp-json\/wp\/v2\/posts\/63645\/revisions"}],"predecessor-version":[{"id":63647,"href":"https:\/\/www.actualidadadiario.com\/index.php\/wp-json\/wp\/v2\/posts\/63645\/revisions\/63647"}],"wp:featuredmedia":[{"embeddable":true,"href":"https:\/\/www.actualidadadiario.com\/index.php\/wp-json\/wp\/v2\/media\/63646"}],"wp:attachment":[{"href":"https:\/\/www.actualidadadiario.com\/index.php\/wp-json\/wp\/v2\/media?parent=63645"}],"wp:term":[{"taxonomy":"category","embeddable":true,"href":"https:\/\/www.actualidadadiario.com\/index.php\/wp-json\/wp\/v2\/categories?post=63645"},{"taxonomy":"post_tag","embeddable":true,"href":"https:\/\/www.actualidadadiario.com\/index.php\/wp-json\/wp\/v2\/tags?post=63645"}],"curies":[{"name":"wp","href":"https:\/\/api.w.org\/{rel}","templated":true}]}}