{"id":63640,"date":"2020-07-01T13:02:03","date_gmt":"2020-07-01T16:02:03","guid":{"rendered":"https:\/\/www.actualidadadiario.com\/?p=63640"},"modified":"2020-07-01T13:02:03","modified_gmt":"2020-07-01T16:02:03","slug":"apenas-tres-meses-de-pandemia-desmoronan-la-fragil-construccion-de-la-clase-media-en-chile","status":"publish","type":"post","link":"https:\/\/www.actualidadadiario.com\/index.php\/2020\/07\/01\/apenas-tres-meses-de-pandemia-desmoronan-la-fragil-construccion-de-la-clase-media-en-chile\/","title":{"rendered":"Apenas tres meses de pandemia desmoronan la fr\u00e1gil construcci\u00f3n de la clase media en Chile"},"content":{"rendered":"<p style=\"text-align: center;\"><em><strong>Desde 1990 la pobreza cay\u00f3 del 40% al 9% de la poblaci\u00f3n, pero ahora saltar\u00eda al 15%. La ola de protestas de octubre del a\u00f1o pasado fue un primer golpe, que ahora se profundiza<\/strong><\/em><\/p>\n<p>&nbsp;<\/p>\n<p>Durante m\u00e1s de tres d\u00e9cadas de bonanza, la clase media se hizo grande en Chile, aunque nunca fuerte. Deudas para educarse y cubrir su salud y las jubilaciones privadas la hicieron tan fr\u00e1gil que tres meses de pandemia dejar\u00e1n a muchos en la pobreza.<\/p>\n<p>Las protestas de octubre de 2019 -precisamente motivadas por el descontento de los sectores medios- redujeron los ingresos de muchos peque\u00f1os empresarios y profesionales, y cuando la mayor\u00eda comenzaba a recuperarse, el nuevo coronavirus lleg\u00f3 en marzo y dio una estocada a sus bolsillos.<\/p>\n<p>Con un alto nivel de endeudamiento, facilitado por un permisivo acceso al cr\u00e9dito y sin ayuda estatal, se estima que una fracci\u00f3n importante de la clase media chilena caer\u00e1 en la pobreza debido a la pandemia y que otra porci\u00f3n significativa quedar\u00e1 en una situaci\u00f3n de vulnerabilidad a\u00fan mayor.<\/p>\n<p>\u201cEl 10% m\u00e1s rico es el \u00fanico sector que est\u00e1 relativamente blindado en Chile\u201d, dice Dante Contreras, subdirector del Centro de Estudios de Conflicto y Cohesi\u00f3n Social (Coes) y profesor de la Universidad de Chile, quien calcula que la pobreza crecer\u00e1 de 9% a 15%.<\/p>\n<p>El Ingreso Familiar de Emergencia que se cre\u00f3 para la crisis est\u00e1 pensado para los hogares de ingresos de hasta 400.000 pesos (490 d\u00f3lares), que representan apenas el 34% de los hogares chilenos, dejando fuera a toda la clase media, equivalente a casi la mitad de la poblaci\u00f3n chilena de 18 millones de habitantes.<\/p>\n<p>Si bien en Chile no hay una definici\u00f3n est\u00e1ndar de clase media, hay coincidencia sobre su fragilidad.<\/p>\n<p>\u201cLo que uno observa en Chile es una alta fluctuaci\u00f3n del ingreso de las familias. Familias que dejan la condici\u00f3n de pobreza y familias que vuelven a la condici\u00f3n de pobreza. Y esa es una foto de la alta fragilidad que hace muy dif\u00edcil para ellas tomar decisiones de largo plazo\u201d, agrega Contreras.<\/p>\n<p>Pablo Mart\u00ednez, de 44 a\u00f1os, es un vivo reflejo de esa precariedad. En poco m\u00e1s de un a\u00f1o pas\u00f3 de ser un exitoso y solvente ingeniero que resid\u00eda en un barrio de clase media alta a tener apenas para sobrevivir.<\/p>\n<p>Desde que qued\u00f3 desempleado en marzo del a\u00f1o pasado, Pablo no ha vuelto a encontrar trabajo. Los primeros meses consumi\u00f3 sus ahorros y su seguro de cesant\u00eda. Trabaj\u00f3 despu\u00e9s como chofer de Uber, pero tras las protestas de octubre los viajes bajaron mucho y con la cuarentena pr\u00e1cticamente llegaron a cero.<\/p>\n<p>\u201cSi antes est\u00e1bamos cr\u00edticos, hoy en d\u00eda pr\u00e1cticamente uno queda paralizado\u201d, dice. Reconoce que antes \u201cviv\u00eda relativamente c\u00f3modo\u201d y hoy no ha podido ni siquiera pagar el alquiler de su casa. \u201cEs vivir o pagar el arriendo. No da para las dos cosas\u201d, afirma.<\/p>\n<p>Junto a su esposa mont\u00f3 un negocio de regalos personalizados Y da clases de guitarra y piano por internet, pero no les alcanza. No reciben tampoco ninguna ayuda estatal.<\/p>\n<p>En la misma situaci\u00f3n qued\u00f3 el top\u00f3grafo Rodrigo Acevedo, tambi\u00e9n de 44 a\u00f1os, quien despu\u00e9s de la paralizaci\u00f3n de la obra en la que trabajaba debi\u00f3 acogerse a la ley de Protecci\u00f3n del Empleo, creada durante la pandemia para que los trabajadores accedan a sus seguros de desocupaci\u00f3n, con un primer pago equivalente al 70% de su salario que luego disminuye progresivamente.<\/p>\n<p>Con un salario de 1.200 d\u00f3lares, Rodrigo no califica para recibir las ayudas de emergencia. Con varias cuentas por pagar, debi\u00f3 retirar a su hija del colegio privado y cambiarla a uno p\u00fablico. \u201cNo nos qued\u00f3 de otra\u201d, se\u00f1ala.<\/p>\n<p>Desde 1990, Chile redujo dram\u00e1ticamente la pobreza, de un 40% a un 9%, pero a costa de una clase media que accedi\u00f3 a mejores niveles de vida gracias al cr\u00e9dito. Hoy, una fracci\u00f3n importante de esas familias (70%) vive con un nivel de endeudamiento excesivo.<\/p>\n<p>De acuerdo con un estudio de la Universidad de Chile, el mayor impacto de la pandemia se est\u00e1 produciendo en los trabajadores independientes, que reportan una reducci\u00f3n de hasta un 60% de sus ingresos.<\/p>\n<p>\u201cLa ca\u00edda en los niveles de bienestar de la clase media va ser significativa. Aunque no caigan en la pobreza, el cambio va a ser dr\u00e1stico para muchos: cambiarse del sistema privado de salud al p\u00fablico, a los ni\u00f1os de colegio o liquidar activos\u201d, dice Contreras.<\/p>\n<p>A Pedro Castro la vida ya le cambi\u00f3 a sus 54 a\u00f1os. De exitoso empresario de exposiciones, el estallido social ech\u00f3 abajo primero varios proyectos y la pandemia termin\u00f3 por destruir sus \u00faltimos trabajos.<\/p>\n<p>Hoy, para hacer caja, decidi\u00f3 arrendar la c\u00f3moda casa en que viv\u00eda en el barrio de \u00d1u\u00f1oa y mudarse con su familia a una caba\u00f1a en las afueras de Santiago.<\/p>\n<p>\u201cTe queda salir otra vez a la calle a rebusc\u00e1rtelas, vivir de las tarjetas, de los ahorros, de vender algunas m\u00e1quinas para hacer caja y pagar, reinventar totalmente el sistema\u201d, explica Castro, dedicado ahora a la venta de agua purificada.<\/p>\n","protected":false},"excerpt":{"rendered":"<p>Desde 1990 la pobreza cay\u00f3 del 40% al 9% de la poblaci\u00f3n, pero ahora saltar\u00eda al 15%. La ola de protestas de octubre del a\u00f1o pasado fue un primer golpe, que ahora se profundiza &nbsp; Durante m\u00e1s de tres d\u00e9cadas de bonanza, la clase media se hizo grande en Chile, aunque nunca fuerte. Deudas para educarse y cubrir su salud y las jubilaciones privadas la hicieron tan fr\u00e1gil que tres meses de pandemia dejar\u00e1n a muchos en la pobreza. Las protestas de octubre de 2019 -precisamente motivadas por el descontento&#8230;<\/p>\n","protected":false},"author":3,"featured_media":63641,"comment_status":"closed","ping_status":"closed","sticky":false,"template":"","format":"standard","meta":[],"categories":[4],"tags":[],"_links":{"self":[{"href":"https:\/\/www.actualidadadiario.com\/index.php\/wp-json\/wp\/v2\/posts\/63640"}],"collection":[{"href":"https:\/\/www.actualidadadiario.com\/index.php\/wp-json\/wp\/v2\/posts"}],"about":[{"href":"https:\/\/www.actualidadadiario.com\/index.php\/wp-json\/wp\/v2\/types\/post"}],"author":[{"embeddable":true,"href":"https:\/\/www.actualidadadiario.com\/index.php\/wp-json\/wp\/v2\/users\/3"}],"replies":[{"embeddable":true,"href":"https:\/\/www.actualidadadiario.com\/index.php\/wp-json\/wp\/v2\/comments?post=63640"}],"version-history":[{"count":1,"href":"https:\/\/www.actualidadadiario.com\/index.php\/wp-json\/wp\/v2\/posts\/63640\/revisions"}],"predecessor-version":[{"id":63642,"href":"https:\/\/www.actualidadadiario.com\/index.php\/wp-json\/wp\/v2\/posts\/63640\/revisions\/63642"}],"wp:featuredmedia":[{"embeddable":true,"href":"https:\/\/www.actualidadadiario.com\/index.php\/wp-json\/wp\/v2\/media\/63641"}],"wp:attachment":[{"href":"https:\/\/www.actualidadadiario.com\/index.php\/wp-json\/wp\/v2\/media?parent=63640"}],"wp:term":[{"taxonomy":"category","embeddable":true,"href":"https:\/\/www.actualidadadiario.com\/index.php\/wp-json\/wp\/v2\/categories?post=63640"},{"taxonomy":"post_tag","embeddable":true,"href":"https:\/\/www.actualidadadiario.com\/index.php\/wp-json\/wp\/v2\/tags?post=63640"}],"curies":[{"name":"wp","href":"https:\/\/api.w.org\/{rel}","templated":true}]}}