{"id":63629,"date":"2020-07-01T12:58:42","date_gmt":"2020-07-01T15:58:42","guid":{"rendered":"https:\/\/www.actualidadadiario.com\/?p=63629"},"modified":"2020-07-01T12:58:42","modified_gmt":"2020-07-01T15:58:42","slug":"conforman-la-bicameral-del-codigo-procesal-penal","status":"publish","type":"post","link":"https:\/\/www.actualidadadiario.com\/index.php\/2020\/07\/01\/conforman-la-bicameral-del-codigo-procesal-penal\/","title":{"rendered":"Conforman la Bicameral del C\u00f3digo Procesal Penal"},"content":{"rendered":"<p style=\"text-align: center;\"><em><strong>Tanto el Senado de la Naci\u00f3n como Diputados designaron a qui\u00e9nes ser\u00e1n los integrantes de la Bicameral, que estar\u00e1 compuesta por ocho legisladores de cada C\u00e1mara<\/strong><\/em><\/p>\n<p>&nbsp;<\/p>\n<p>La Comisi\u00f3n Bicameral de Monitoreo e Implementaci\u00f3n del C\u00f3digo Procesal Penal Federal ser\u00e1 constituida oficialmente hoy, en una reuni\u00f3n por videoconferencia en la que tambi\u00e9n se designar\u00e1 a sus autoridades y se propondr\u00e1 el plan de trabajo para el a\u00f1o parlamentario.<\/p>\n<p>Tanto el Senado de la Naci\u00f3n como Diputados designaron a qui\u00e9nes ser\u00e1n los integrantes de la Bicameral, que estar\u00e1 compuesta por ocho legisladores de cada C\u00e1mara.<\/p>\n<p>La reuni\u00f3n est\u00e1 prevista para el mediod\u00eda, seg\u00fan se inform\u00f3.<\/p>\n<p>De acuerdo con la conformaci\u00f3n pol\u00edtica del Congreso, el Frente de Todos tendr\u00e1 amplia mayor\u00eda en la Comisi\u00f3n, que se reunir\u00e1 en horas del mediod\u00eda.<\/p>\n<p>Por el oficialismo fueron designados los senadores Anabel Fern\u00e1ndez Sagasti, Roberto Mario Mirabella, V\u00edctor Zimmermann, Mar\u00eda In\u00e9s Pilatti Vergara, Mariano Recalde y Mar\u00eda de los \u00c1ngeles Sacnun; y los diputados Lucas Javier Gody, Ramiro Guti\u00e9rrez, Mart\u00edn Soria y Marisa Lourdes Uceda.<\/p>\n<p>Por Juntos por el Cambio integrar\u00e1n la Bicameral la senadora Silvia El\u00edas de P\u00e9rez y los diputados Mar\u00eda Gabriela Burgos, Eduardo C\u00e1ceres, Albor Cantard y Jorge Enr\u00edquez; adem\u00e1s de la representante del Movimiento Neuquino en la C\u00e1mara alta (y aliada del principal interbloque de la oposici\u00f3n), Lucila Crexell.<\/p>\n","protected":false},"excerpt":{"rendered":"<p>Tanto el Senado de la Naci\u00f3n como Diputados designaron a qui\u00e9nes ser\u00e1n los integrantes de la Bicameral, que estar\u00e1 compuesta por ocho legisladores de cada C\u00e1mara &nbsp; La Comisi\u00f3n Bicameral de Monitoreo e Implementaci\u00f3n del C\u00f3digo Procesal Penal Federal ser\u00e1 constituida oficialmente hoy, en una reuni\u00f3n por videoconferencia en la que tambi\u00e9n se designar\u00e1 a sus autoridades y se propondr\u00e1 el plan de trabajo para el a\u00f1o parlamentario. Tanto el Senado de la Naci\u00f3n como Diputados designaron a qui\u00e9nes ser\u00e1n los integrantes de la Bicameral, que estar\u00e1 compuesta por ocho&#8230;<\/p>\n","protected":false},"author":3,"featured_media":56014,"comment_status":"closed","ping_status":"closed","sticky":false,"template":"","format":"standard","meta":[],"categories":[18],"tags":[],"_links":{"self":[{"href":"https:\/\/www.actualidadadiario.com\/index.php\/wp-json\/wp\/v2\/posts\/63629"}],"collection":[{"href":"https:\/\/www.actualidadadiario.com\/index.php\/wp-json\/wp\/v2\/posts"}],"about":[{"href":"https:\/\/www.actualidadadiario.com\/index.php\/wp-json\/wp\/v2\/types\/post"}],"author":[{"embeddable":true,"href":"https:\/\/www.actualidadadiario.com\/index.php\/wp-json\/wp\/v2\/users\/3"}],"replies":[{"embeddable":true,"href":"https:\/\/www.actualidadadiario.com\/index.php\/wp-json\/wp\/v2\/comments?post=63629"}],"version-history":[{"count":1,"href":"https:\/\/www.actualidadadiario.com\/index.php\/wp-json\/wp\/v2\/posts\/63629\/revisions"}],"predecessor-version":[{"id":63630,"href":"https:\/\/www.actualidadadiario.com\/index.php\/wp-json\/wp\/v2\/posts\/63629\/revisions\/63630"}],"wp:featuredmedia":[{"embeddable":true,"href":"https:\/\/www.actualidadadiario.com\/index.php\/wp-json\/wp\/v2\/media\/56014"}],"wp:attachment":[{"href":"https:\/\/www.actualidadadiario.com\/index.php\/wp-json\/wp\/v2\/media?parent=63629"}],"wp:term":[{"taxonomy":"category","embeddable":true,"href":"https:\/\/www.actualidadadiario.com\/index.php\/wp-json\/wp\/v2\/categories?post=63629"},{"taxonomy":"post_tag","embeddable":true,"href":"https:\/\/www.actualidadadiario.com\/index.php\/wp-json\/wp\/v2\/tags?post=63629"}],"curies":[{"name":"wp","href":"https:\/\/api.w.org\/{rel}","templated":true}]}}