{"id":63626,"date":"2020-07-01T12:58:01","date_gmt":"2020-07-01T15:58:01","guid":{"rendered":"https:\/\/www.actualidadadiario.com\/?p=63626"},"modified":"2020-07-01T12:58:01","modified_gmt":"2020-07-01T15:58:01","slug":"crisis-interna-en-el-pro-por-el-espionaje-michetti-monzo-frigerio-y-massot-no-respaldaron-al-secretario-de-macri","status":"publish","type":"post","link":"https:\/\/www.actualidadadiario.com\/index.php\/2020\/07\/01\/crisis-interna-en-el-pro-por-el-espionaje-michetti-monzo-frigerio-y-massot-no-respaldaron-al-secretario-de-macri\/","title":{"rendered":"Crisis interna en el PRO por el espionaje: Michetti, Monz\u00f3, Frigerio y Massot no respaldaron al secretario de Macri"},"content":{"rendered":"<p style=\"text-align: center;\"><em><strong>Vidal tampoco aparece en los respaldos a favor de Dar\u00edo Nieto, pero aseguran que s\u00ed firm\u00f3 la adhesi\u00f3n. Los ausentes revelan las desconfianzas con el expresidente y los temores por las revelaciones del caso. Tambi\u00e9n apuntan al juez Villena. Un term\u00f3metro del partido amarillo frente a un esc\u00e1ndalo inesperado<\/strong><\/em><\/p>\n<p>&nbsp;<\/p>\n<p>&nbsp;<\/p>\n<p>El allanamiento al domicilio del polit\u00f3logo Dar\u00edo Nieto, secretario personal de\u00a0 Mauricio Macri, conmovi\u00f3 al entorno m\u00e1s cercano del expresidente. La medida fue ordenada el jueves pasado por el juez de Lomas de Zamora, Federico Villena, pero PRO demor\u00f3 tres d\u00edas en reunir la primera tanda de firmas para respaldarlo. La recolecci\u00f3n de nombres junt\u00f3 a una parte de la alianza opositora, pero el mosaico de r\u00fabricas habla m\u00e1s por quienes se resistieron a poner el gancho, que por aquellos que se animaron a defender al joven Nieto, a partir de un en\u00e9rgico pedido del expresidente.\u00a0 Entre ellos faltan la exvicepresidenta Gabriel Michetti, el extitular de la C\u00e1mara de Diputados, Emilio Monz\u00f3, el exjefe de la bancada amarilla, Nicol\u00e1s Massot, el exministro del Interior, Rogelio Frigerio y el pu\u00f1ado de diputados macristas que les responde.\u00a0 La exgobernadora Mar\u00eda Eugenia Vidal tampoco aparece en las tres ampliaciones de la carta que fueron difundidas, aunque en el PRO aclararon que s\u00ed firm\u00f3.<\/p>\n<p>La n\u00f3mina de ausentes es todo un term\u00f3metro, casi en tiempo real, de la situaci\u00f3n interna del partido amarillo, y la alianza opositora, a partir del cimbronazo que provocaron las causas abiertas por presunto espionaje ilegal. Algunos de ellos, con adhesi\u00f3n o sin ella, aparecen como v\u00edctimas dentro del expediente que indaga el caso. De acuerdo a las pruebas recolectadas fue realizado durante la administraci\u00f3n de Cambiemos, bajo la \u00f3rbita de la AFI y este martes sum\u00f3 otras 22 detenciones, entre ellos, a la jefa de Documentaci\u00f3n Presidencial de la Casa Rosada, Susana Martinengo.<\/p>\n<p>Dentro de la conducci\u00f3n partidaria detallaron a Tiempo que el accidentado pedido de la semana pasada para sumar adhesiones fue canalizado por el exsecretario general de la Presidencia, Fernando De Andreis, tan estrecho para Macri como &#8220;Daro&#8221;. A la luz de las detenciones que siguieron al allanamiento de Nieto, las ausencias parecen\u00a0 m\u00e1s relacionadas a las desconfianzas acumuladas y a prevenciones procesales frente a la posibilidad de un posible desfile por tribunales.\u00a0 Todos est\u00e1n al tanto de la cantidad de pruebas y testimonios reunidos por el juez, que todav\u00eda tiene que expedirse sobre un pedido de eximici\u00f3n de prisi\u00f3n que present\u00f3 Nieto.<\/p>\n<p>La carta de apoyo, titulada &#8220;Unidos en defensa de la unidad y la transparencia&#8221; sum\u00f3 a las autoridades partidarias, a los jefes parlamentarios de la coalici\u00f3n, a 2 de los 8 senadores y a 41 de los 53 diputados que integran el bloque macrista. Entre los ausentes estuvieron todos los legisladores que responden al exviceministro del Interior y actual diputado Sebasti\u00e1n Garc\u00eda de Luca, que integran un espacio de trece bancas del PRO que por ahora no romper\u00e1n con el bloque, pero cada vez desnudan con m\u00e1s fuerza sus diferencias dentro de la C\u00e1mara baja. A los faltazos se sum\u00f3 Massot: dijo a la prensa que no cree que &#8220;Macri estuviera al tanto&#8221; del espionaje que sufri\u00f3, pero no firm\u00f3 ning\u00fan gesto de confianza sobre la integridad moral de Nieto.<\/p>\n<p>La estrategia defensiva, en la medida que avance el expediente, buscar\u00e1 desligar a Macri del caso. As\u00ed como Nieto sostuvo en dos entrevistas que no ten\u00eda relaci\u00f3n con Martinengo, los dem\u00e1s dirigentes que aparecen como v\u00edctimas en el expediente de Villena podr\u00edan aportar un \u00faltimo gesto de generosidad y asegurar, como Massot, que no creen que Macri estuviera al tanto de las operaciones.<\/p>\n<p>Tal como cont\u00f3 Tiempo en sus \u00faltimas ediciones dominicales, varios de los dirigentes macristas consideran el caso como &#8220;la confirmaci\u00f3n de una profec\u00eda autocumplida&#8221;, porque en distintas ocasiones sospecharon que eran espiados. Algunos de ellos, consultados por este medio, no ocultan su desconfianza ante la velocidad de Villena para llegar a la detenci\u00f3n de Martinengo, que trabaja para el expresidente desde que lleg\u00f3 al gobierno porte\u00f1o en diciembre de 2007.<\/p>\n<p>&#8220;En algo somos democr\u00e1ticos: si esto es cierto, todos los gobiernos de todos los signos han espiado ilegalmente a los propios y a los opositores&#8221;, lanz\u00f3 una de las fuentes consultadas. En su iron\u00eda busc\u00f3 apelar al rol que tuvo el ex jefe de Operaciones de la ex SIDE, Antonio Horacio Stiuzo, que se mantuvo en el cargo durante tres d\u00e9cadas hasta que Cristina Fern\u00e1ndez de Kirchner lo ech\u00f3 en diciembre de 2014, en la aplicaci\u00f3n de una tard\u00eda reforma del aparato de inteligencia.<\/p>\n<p>En el macrismo sostienen que Villena es el mismo magistrado que permiti\u00f3 el espionaje realizado a la expresidenta en el Instituto Patria, a partir de un pedido de investigaci\u00f3n basado en informaci\u00f3n falsa, sostenida por el grupo de esp\u00edas que reportaba al jefe de Operaciones Especiales de la AFI, Alan Ruiz, bajo \u00f3rdenes de quien estuvo como subdirectora entre 2015 y 2019, Silvia Majdalani, y del titular del organismo, Osvaldo Arribas. Ruiz est\u00e1 preso, hay dudas sobre la duraci\u00f3n de la prisi\u00f3n que afrontar\u00e1 Martinengo y crecen los temores por la ca\u00edda de Nieto. Pero ninguno de los dirigentes, senadores y diputados consultados pudo asegurar que la investigaci\u00f3n no tocar\u00e1 la puerta de los dos extitulares de la AFI y de Macri.<\/p>\n<p>Adem\u00e1s de Martinengo, este martes fueron detenidos los esp\u00edas Jorge S\u00e1ez, Leandro Araque (que tambi\u00e9n es polic\u00eda) y Facundo Melo (que tiene t\u00edtulo de abogado). Seg\u00fan los testimonios en la causa, la funcionaria tuvo &#8220;m\u00e1s de una docena de reuniones con ellos en el interior de Casa Rosada desde mediados del 2018 hasta los primeros meses de 2019&#8221;. Tanto Araque como Melo sostuvieron en la Comisi\u00f3n Bicameral de Seguimiento de Organismos de Inteligencia del Congreso que parte de los informes que generaban eran informados a Martinengo.<\/p>\n<p>El texto que le cost\u00f3 hacer firmar a De Andreis busc\u00f3 transmitir tranquilidad &#8220;porque creemos en la integridad moral de Dar\u00edo&#8221; y\u00a0 vincul\u00f3 la investigaci\u00f3n por presunto espionaje en la administraci\u00f3n de Macri a &#8220;un sector del oficialismo&#8221; que &#8220;parece enfocado en enrarecer el clima pol\u00edtico, con el aparente objetivo de conseguir la impunidad de ex funcionarios procesados o condenados por corrupci\u00f3n&#8221;.<\/p>\n<p>Cont\u00f3 con la firma de Macri, del titular de la UCR, Alfredo Cornejo, de la fundadora de la Coalici\u00f3n C\u00edvica, Elisa Carri\u00f3, junto a su titular, Maximiliano Ferraro y al jefe del Interbloque de Cambiemos, Mario Negri. Tambi\u00e9n figuran la presidenta del PRO, Patricia Bullrich; el alcalde porte\u00f1o Horacio Rodr\u00edguez Larreta y el ex candidato a vice Miguel \u00c1ngel Pichetto. En los dos d\u00edas siguientes el pronunciamiento sum\u00f3 a los responsables territoriales del PRO en todo el pa\u00eds y a algunos exministros, como el titular de Agroindustria, Miguel Etchevehere, su par de Defensa, Oscar Aguad, el de Educaci\u00f3n, Alejandro Finocchiaro y el entonces jefe de Gabinete, Marcos Pe\u00f1a, entre otros.<\/p>\n","protected":false},"excerpt":{"rendered":"<p>Vidal tampoco aparece en los respaldos a favor de Dar\u00edo Nieto, pero aseguran que s\u00ed firm\u00f3 la adhesi\u00f3n. Los ausentes revelan las desconfianzas con el expresidente y los temores por las revelaciones del caso. Tambi\u00e9n apuntan al juez Villena. Un term\u00f3metro del partido amarillo frente a un esc\u00e1ndalo inesperado &nbsp; &nbsp; El allanamiento al domicilio del polit\u00f3logo Dar\u00edo Nieto, secretario personal de\u00a0 Mauricio Macri, conmovi\u00f3 al entorno m\u00e1s cercano del expresidente. La medida fue ordenada el jueves pasado por el juez de Lomas de Zamora, Federico Villena, pero PRO demor\u00f3&#8230;<\/p>\n","protected":false},"author":3,"featured_media":63627,"comment_status":"closed","ping_status":"closed","sticky":false,"template":"","format":"standard","meta":[],"categories":[18],"tags":[],"_links":{"self":[{"href":"https:\/\/www.actualidadadiario.com\/index.php\/wp-json\/wp\/v2\/posts\/63626"}],"collection":[{"href":"https:\/\/www.actualidadadiario.com\/index.php\/wp-json\/wp\/v2\/posts"}],"about":[{"href":"https:\/\/www.actualidadadiario.com\/index.php\/wp-json\/wp\/v2\/types\/post"}],"author":[{"embeddable":true,"href":"https:\/\/www.actualidadadiario.com\/index.php\/wp-json\/wp\/v2\/users\/3"}],"replies":[{"embeddable":true,"href":"https:\/\/www.actualidadadiario.com\/index.php\/wp-json\/wp\/v2\/comments?post=63626"}],"version-history":[{"count":1,"href":"https:\/\/www.actualidadadiario.com\/index.php\/wp-json\/wp\/v2\/posts\/63626\/revisions"}],"predecessor-version":[{"id":63628,"href":"https:\/\/www.actualidadadiario.com\/index.php\/wp-json\/wp\/v2\/posts\/63626\/revisions\/63628"}],"wp:featuredmedia":[{"embeddable":true,"href":"https:\/\/www.actualidadadiario.com\/index.php\/wp-json\/wp\/v2\/media\/63627"}],"wp:attachment":[{"href":"https:\/\/www.actualidadadiario.com\/index.php\/wp-json\/wp\/v2\/media?parent=63626"}],"wp:term":[{"taxonomy":"category","embeddable":true,"href":"https:\/\/www.actualidadadiario.com\/index.php\/wp-json\/wp\/v2\/categories?post=63626"},{"taxonomy":"post_tag","embeddable":true,"href":"https:\/\/www.actualidadadiario.com\/index.php\/wp-json\/wp\/v2\/tags?post=63626"}],"curies":[{"name":"wp","href":"https:\/\/api.w.org\/{rel}","templated":true}]}}