{"id":63615,"date":"2020-07-01T12:55:06","date_gmt":"2020-07-01T15:55:06","guid":{"rendered":"https:\/\/www.actualidadadiario.com\/?p=63615"},"modified":"2020-07-01T12:55:06","modified_gmt":"2020-07-01T15:55:06","slug":"escuchas-cristina-y-massa-activan-acuerdo-con-la-corte","status":"publish","type":"post","link":"https:\/\/www.actualidadadiario.com\/index.php\/2020\/07\/01\/escuchas-cristina-y-massa-activan-acuerdo-con-la-corte\/","title":{"rendered":"Escuchas: Cristina y Massa activan acuerdo con la Corte"},"content":{"rendered":"<p style=\"text-align: center;\"><em><strong>Desde ahora, la Comisi\u00f3n Bicameral de Inteligencia supervisar\u00e1 las escuchas ordenadas por el Poder Judicial para la investigaci\u00f3n de delitos complejos, luego de que se reactivara un acuerdo de 2016 entre el Congreso y la Corte Suprema de Justicia<\/strong><\/em><\/p>\n<p>&nbsp;<\/p>\n<p>Este martes se emiti\u00f3 una resoluci\u00f3n conjunta firmada por la presidenta del Senado, Cristina Fern\u00e1ndez de Kirchner; y su par de la C\u00e1mara de Diputados, Sergio Massa en donde advierten se realiz\u00f3 este nuevo documento para dar cumplimiento del convenio firmado entre ambos poderes el 29 de septiembre de 2016.<\/p>\n<p>De esta forma, las escuchas judiciales que est\u00e1n la Direcci\u00f3n de Captaci\u00f3n de Comunicaciones del Poder Judicial de la Naci\u00f3n, comenzar\u00e1n a ser auditadas por un organismo del Legislativo. Desde la firma conjunta realizada en su momento por la exvicepresidenta Gabriela Michetti y el extitular de Diputados Emilio Monz\u00f3 la tarea de control no ten\u00eda responsable directo.<\/p>\n<p>La nueva resoluci\u00f3n indica que la tarea asignar\u00e1 \u201ca la Comisi\u00f3n Bicameral de Fiscalizaci\u00f3n de los Organismos y Actividades de Inteligencia creada por la Ley No 25.520 el cumplimiento de las disposiciones del convenio\u201d, antes mencionado.<\/p>\n<p>Adem\u00e1s, se dispone la creaci\u00f3n de una subcomisi\u00f3n permanente de conformidad al \u201ccon el fin de ejercer las funciones de seguimiento y auditor\u00eda de la Direcci\u00f3n de Asistencia Judicial en Delitos Complejos y Crimen Organizado del Poder Judicial de la Naci\u00f3n.<\/p>\n<p>Esta subcomisi\u00f3n deber\u00e1 informar semestralmente a la presidencia de cada C\u00e1mara del Congreso sobre la descripci\u00f3n del desarrollo de las actividades de fiscalizaci\u00f3n y control efectuadas en cumplimiento de su misi\u00f3n.<\/p>\n<p>Durante el \u00faltimo gobierno de Cristina, el \u00e1rea de escuchas paso de la ex SIDE a la procuraci\u00f3n general de la Naci\u00f3n en ese entonces a cargo de Alejandra Gils Carb\u00f3, pero con la llegada de Mauricio Macri al poder ese \u00f3rgano sensible pas\u00f3 hacia una oficina de la Corte Suprema de Justicia.<\/p>\n<p>En ese entonces y bajo el argumento de darle mayor transparencia al trabajo de la Corte, se firm\u00f3 el convenio de control que nunca lleg\u00f3 a instrumentarse. Ese rol recae ahora en la Bicameral de Inteligencia que por estos d\u00edas lleva adelante entrevistas con imputados en la megacausa de espionaje ilegal durante el gobierno de Mauricio Macri.<\/p>\n","protected":false},"excerpt":{"rendered":"<p>Desde ahora, la Comisi\u00f3n Bicameral de Inteligencia supervisar\u00e1 las escuchas ordenadas por el Poder Judicial para la investigaci\u00f3n de delitos complejos, luego de que se reactivara un acuerdo de 2016 entre el Congreso y la Corte Suprema de Justicia &nbsp; Este martes se emiti\u00f3 una resoluci\u00f3n conjunta firmada por la presidenta del Senado, Cristina Fern\u00e1ndez de Kirchner; y su par de la C\u00e1mara de Diputados, Sergio Massa en donde advierten se realiz\u00f3 este nuevo documento para dar cumplimiento del convenio firmado entre ambos poderes el 29 de septiembre de 2016&#8230;.<\/p>\n","protected":false},"author":3,"featured_media":63616,"comment_status":"closed","ping_status":"closed","sticky":false,"template":"","format":"standard","meta":[],"categories":[18],"tags":[],"_links":{"self":[{"href":"https:\/\/www.actualidadadiario.com\/index.php\/wp-json\/wp\/v2\/posts\/63615"}],"collection":[{"href":"https:\/\/www.actualidadadiario.com\/index.php\/wp-json\/wp\/v2\/posts"}],"about":[{"href":"https:\/\/www.actualidadadiario.com\/index.php\/wp-json\/wp\/v2\/types\/post"}],"author":[{"embeddable":true,"href":"https:\/\/www.actualidadadiario.com\/index.php\/wp-json\/wp\/v2\/users\/3"}],"replies":[{"embeddable":true,"href":"https:\/\/www.actualidadadiario.com\/index.php\/wp-json\/wp\/v2\/comments?post=63615"}],"version-history":[{"count":1,"href":"https:\/\/www.actualidadadiario.com\/index.php\/wp-json\/wp\/v2\/posts\/63615\/revisions"}],"predecessor-version":[{"id":63617,"href":"https:\/\/www.actualidadadiario.com\/index.php\/wp-json\/wp\/v2\/posts\/63615\/revisions\/63617"}],"wp:featuredmedia":[{"embeddable":true,"href":"https:\/\/www.actualidadadiario.com\/index.php\/wp-json\/wp\/v2\/media\/63616"}],"wp:attachment":[{"href":"https:\/\/www.actualidadadiario.com\/index.php\/wp-json\/wp\/v2\/media?parent=63615"}],"wp:term":[{"taxonomy":"category","embeddable":true,"href":"https:\/\/www.actualidadadiario.com\/index.php\/wp-json\/wp\/v2\/categories?post=63615"},{"taxonomy":"post_tag","embeddable":true,"href":"https:\/\/www.actualidadadiario.com\/index.php\/wp-json\/wp\/v2\/tags?post=63615"}],"curies":[{"name":"wp","href":"https:\/\/api.w.org\/{rel}","templated":true}]}}