{"id":63612,"date":"2020-07-01T12:54:24","date_gmt":"2020-07-01T15:54:24","guid":{"rendered":"https:\/\/www.actualidadadiario.com\/?p=63612"},"modified":"2020-07-01T12:54:24","modified_gmt":"2020-07-01T15:54:24","slug":"presidido-por-alberto-fernandez-el-gabinete-economico-se-reune-en-olivos","status":"publish","type":"post","link":"https:\/\/www.actualidadadiario.com\/index.php\/2020\/07\/01\/presidido-por-alberto-fernandez-el-gabinete-economico-se-reune-en-olivos\/","title":{"rendered":"Presidido por Alberto Fern\u00e1ndez, el gabinete econ\u00f3mico se re\u00fane en Olivos"},"content":{"rendered":"<p style=\"text-align: center;\"><em><strong>La reuni\u00f3n se realizar\u00e1 a partir de las 10.30 en la residencia de Olivos. El gabinete viene definiendo las principales medidas para mitigar los efectos la pandemia de coronavirus<\/strong><\/em><\/p>\n<p>&nbsp;<\/p>\n<p>&nbsp;<\/p>\n<p>El presidente Alberto Fern\u00e1ndez encabezar\u00e1 hoy en la residencia de Olivos la reuni\u00f3n del gabinete econ\u00f3mico, que viene definiendo las principales medidas para mitigar los efectos la pandemia de coronavirus, informaron fuentes oficiales.<\/p>\n<p>La reuni\u00f3n se realizar\u00e1 a partir de las 10.30 en la residencia de Olivos, adonde el jefe de Estado desarrolla su actividad durante el aislamiento social, preventivo y obligatorio, que comienza hoy una fase m\u00e1s restrictiva hasta el 17 de julio.<\/p>\n<p>Durante el aislamiento, el gabinete econ\u00f3mico -que usualmente se re\u00fane todos los mi\u00e9rcoles en Casa de Gobierno, encabezado por el jefe de Gabinete, Santiago Cafiero- dise\u00f1\u00f3 el Ingreso Familiar de Emergencia (IFE) para el sector que no estaba registrado en la econom\u00eda formal, alcanzando a unas 9 millones de personas.<\/p>\n<p>Tambi\u00e9n, motoriz\u00f3 el Programa de Asistencia a la Producci\u00f3n (ATP), por el cual se asisti\u00f3 con la mitad del salario a las empresas privadas; as\u00ed como dos l\u00edneas de cr\u00e9ditos: una a tasa cero y otra del 24%, de modo de amortiguar el impacto econ\u00f3mico por las restricciones impuestas por la cuarentena obligatoria.<\/p>\n<p>Del encuentro con el jefe de Estado, adem\u00e1s de Cafiero, participar\u00e1n la vicejefa de Gabinete, Cecilia Todesca; y los ministros de Econom\u00eda, Mart\u00edn Guzm\u00e1n; de Trabajo, Claudio Moroni; y de Desarrollo Productivo, Mat\u00edas Kulfas.<\/p>\n<p>Tambi\u00e9n asistir\u00e1n los titulares del Banco Central, Miguel Pesce; de la AFIP, Mercedes Marc\u00f3 del Pont; y de la Anses, Fernanda Raverta.<\/p>\n","protected":false},"excerpt":{"rendered":"<p>La reuni\u00f3n se realizar\u00e1 a partir de las 10.30 en la residencia de Olivos. El gabinete viene definiendo las principales medidas para mitigar los efectos la pandemia de coronavirus &nbsp; &nbsp; El presidente Alberto Fern\u00e1ndez encabezar\u00e1 hoy en la residencia de Olivos la reuni\u00f3n del gabinete econ\u00f3mico, que viene definiendo las principales medidas para mitigar los efectos la pandemia de coronavirus, informaron fuentes oficiales. La reuni\u00f3n se realizar\u00e1 a partir de las 10.30 en la residencia de Olivos, adonde el jefe de Estado desarrolla su actividad durante el aislamiento social,&#8230;<\/p>\n","protected":false},"author":3,"featured_media":63613,"comment_status":"closed","ping_status":"closed","sticky":false,"template":"","format":"standard","meta":[],"categories":[9],"tags":[],"_links":{"self":[{"href":"https:\/\/www.actualidadadiario.com\/index.php\/wp-json\/wp\/v2\/posts\/63612"}],"collection":[{"href":"https:\/\/www.actualidadadiario.com\/index.php\/wp-json\/wp\/v2\/posts"}],"about":[{"href":"https:\/\/www.actualidadadiario.com\/index.php\/wp-json\/wp\/v2\/types\/post"}],"author":[{"embeddable":true,"href":"https:\/\/www.actualidadadiario.com\/index.php\/wp-json\/wp\/v2\/users\/3"}],"replies":[{"embeddable":true,"href":"https:\/\/www.actualidadadiario.com\/index.php\/wp-json\/wp\/v2\/comments?post=63612"}],"version-history":[{"count":1,"href":"https:\/\/www.actualidadadiario.com\/index.php\/wp-json\/wp\/v2\/posts\/63612\/revisions"}],"predecessor-version":[{"id":63614,"href":"https:\/\/www.actualidadadiario.com\/index.php\/wp-json\/wp\/v2\/posts\/63612\/revisions\/63614"}],"wp:featuredmedia":[{"embeddable":true,"href":"https:\/\/www.actualidadadiario.com\/index.php\/wp-json\/wp\/v2\/media\/63613"}],"wp:attachment":[{"href":"https:\/\/www.actualidadadiario.com\/index.php\/wp-json\/wp\/v2\/media?parent=63612"}],"wp:term":[{"taxonomy":"category","embeddable":true,"href":"https:\/\/www.actualidadadiario.com\/index.php\/wp-json\/wp\/v2\/categories?post=63612"},{"taxonomy":"post_tag","embeddable":true,"href":"https:\/\/www.actualidadadiario.com\/index.php\/wp-json\/wp\/v2\/tags?post=63612"}],"curies":[{"name":"wp","href":"https:\/\/api.w.org\/{rel}","templated":true}]}}