{"id":63606,"date":"2020-07-01T12:51:57","date_gmt":"2020-07-01T15:51:57","guid":{"rendered":"https:\/\/www.actualidadadiario.com\/?p=63606"},"modified":"2020-07-01T12:51:57","modified_gmt":"2020-07-01T15:51:57","slug":"mas-restricciones-tambien-desde-hoy-en-chaco-rio-negro-y-neuquen","status":"publish","type":"post","link":"https:\/\/www.actualidadadiario.com\/index.php\/2020\/07\/01\/mas-restricciones-tambien-desde-hoy-en-chaco-rio-negro-y-neuquen\/","title":{"rendered":"M\u00e1s restricciones tambi\u00e9n desde hoy en Chaco, R\u00edo Negro y Neuqu\u00e9n"},"content":{"rendered":"<p style=\"text-align: center;\"><em><strong>El gobernador neuquino, Omar Guti\u00e9rrez, permanece aislado por contagios en el \u00e1mbito cercano. Jorge Capitanich acord\u00f3 con Naci\u00f3n refuerzo de m\u00e9dicos y de efectivos de seguridad<\/strong><\/em><\/p>\n<p>&nbsp;<\/p>\n<p>&nbsp;<\/p>\n<p>El comportamiento epidemiol\u00f3gico del coronavirus vuelve a poner a prueba los sistemas restrictivos de las provincias. En simult\u00e1neo con la nueva fase en la que ingresa el \u00e1rea del AMBA, otros tres distritos del pa\u00eds -Chaco, la ciudad de General Roca (R\u00edo Negro) y el aglomerado urbano de Neuqu\u00e9n-, reponen las restricciones al transporte p\u00fablico y blindan los controles de circulaci\u00f3n, a partir de la multiplicaci\u00f3n de casos detectada en los \u00faltimos d\u00edas.<\/p>\n<p>Jujuy, en tanto, que debi\u00f3 regresar a la fase inicial de la cuarentena por un rebrote hace quince d\u00edas, tambi\u00e9n mantendr\u00e1 el confinamiento de su sociedad, pero hasta el pr\u00f3ximo cinco de julio.<\/p>\n<p>Mientras tanto, el resto del pa\u00eds se mantiene en la fase de distanciamiento social, que en los hechos implica la vigencia de una nueva normalidad sin cuarentena estricta aunque con clases presenciales todav\u00eda suspendidas y protocolos sanitarios estrictos.<\/p>\n<p>Por videoconferencia acordada tras las idas y vueltas por la inconveniencia de una visita oficial a la provincia, el presidente Alberto Fern\u00e1ndez acord\u00f3 con el gobernador de Chaco, Jorge Capitanich, el env\u00edo de m\u00e9dicos y de personal de fuerzas de seguridad para asistir al distrito mientras dure la emergencia. Adem\u00e1s, el Estado nacional le dar\u00e1 volumen al plan Detectar y sostendr\u00e1 el Ingreso Familiar de Emergencia (IFE).<\/p>\n<p>La situaci\u00f3n de Chaco est\u00e1 entre las principales preocupaciones de la Casa Rosada: sin signos claros de ca\u00edda en la curva de contagios, la provincia mantiene un dram\u00e1tico escenario desde el inicio de la pandemia.<\/p>\n<p>Esa inquietud sobre el panorama chaque\u00f1o hizo que el Presidente le recomendara al gobernador que \u201cpare dr\u00e1sticamente la circulaci\u00f3n\u201d en la provincia, que acumula casi 2000 casos de Covid-19.<\/p>\n<p>Todos los departamentos de Chaco ingresaron en el primer minuto de hoy a la misma etapa de intensificaci\u00f3n de las restricciones que regir\u00e1 en la Ciudad de Buenos Aires y el Conurbano bonaerense.<\/p>\n<p>En este contexto, Chaco acord\u00f3 tambi\u00e9n esta semana con Naci\u00f3n un aporte de un mill\u00f3n de d\u00f3lares para reforzar el sistema sanitario en Resistencia, la capital provincial, a trav\u00e9s del Programa de Asistencia Financiera para la Emergencia Sanitaria, cuyos fondos provienen principalmente de pr\u00e9stamos de organismos internacionales. Ese programa, que contempla una asistencia total por 65 millones de d\u00f3lares, est\u00e1 destinado a capitales provinciales y grandes centros urbanos gravemente afectados por el coronavirus.<\/p>\n<p>La situaci\u00f3n en el sur del pa\u00eds tambi\u00e9n dio un giro importante en las \u00faltimas horas, luego de que el aglomerado urbano de Neuqu\u00e9n superara en casos activos de Covid a su vecina R\u00edo Negro, hasta entonces el cuarto distrito con mayor n\u00famero de casos. La ciudad de Bariloche, epicentro de contagios, logr\u00f3 contener el pico, que ahora se concentra en la ciudad de General Roca.<\/p>\n<p>En este contexto, el grave impacto econ\u00f3mico en la regi\u00f3n cordillerana deriv\u00f3 en la aprobaci\u00f3n por unanimidad de la Legislatura de R\u00edo Negro de un proyecto de ley enviado por el Poder Ejecutivo que declara zona de \u201cdesastre econ\u00f3mico y social\u201d la regi\u00f3n que conforman Bariloche y Dina Huapi. Regir\u00e1 por 180 d\u00edas, durante los cuales habr\u00e1 asistencia del Estado provincial, al tiempo que se pedir\u00e1 a Naci\u00f3n asistencia econ\u00f3mica adicional.<\/p>\n<p>Mientras que en Neuqu\u00e9n, un significativo aumento de casos en la capital provincial oblig\u00f3 al gobernador Omar Guti\u00e9rrez al anunciar una serie de restricciones a la circulaci\u00f3n, que tambi\u00e9n alcanzar\u00e1n a Plottier y Centenario.<\/p>\n<p>En este contexto, con circulaci\u00f3n local del virus confirmada, las autoridades provinciales y municipales terminaron de pulir un amplio plan que, entre otras medidas, contempla salidas para el abastecimiento seg\u00fan terminaci\u00f3n del DNI y prohibici\u00f3n de movilidad los domingos en todo el conglomerado urbano. Adem\u00e1s, las reuniones de hasta 10 personas seguir\u00e1n prohibidas, mientras que la actividad comercial y las salidas recreativas mantendr\u00e1n los mismos esquemas de autorizaci\u00f3n previa.<\/p>\n<p>\u201cSalgamos de casas por los pr\u00f3ximos 10, 15 d\u00edas solo por lo imprescindible\u201d, pidi\u00f3 el mandatario. Y neg\u00f3 que el endurecimiento del aislamiento se traduzca en un retroceso. \u201cEl gran esfuerzo inicial rindi\u00f3 sus frutos. Fortalecimos el sistemas de salud y adoptamos nuevos h\u00e1bitos y costumbres, por lo que esta situaci\u00f3n no representa una vuelta atr\u00e1s\u201d, enfatiz\u00f3 el gobernador neuquino, quien a su vez permanecer\u00e1 aislado durante 14 d\u00edas tras un hisopado negativo que debi\u00f3 realizarse luego de que una persona que trabaja en su casa contrajera la enfermedad.<\/p>\n","protected":false},"excerpt":{"rendered":"<p>El gobernador neuquino, Omar Guti\u00e9rrez, permanece aislado por contagios en el \u00e1mbito cercano. Jorge Capitanich acord\u00f3 con Naci\u00f3n refuerzo de m\u00e9dicos y de efectivos de seguridad &nbsp; &nbsp; El comportamiento epidemiol\u00f3gico del coronavirus vuelve a poner a prueba los sistemas restrictivos de las provincias. En simult\u00e1neo con la nueva fase en la que ingresa el \u00e1rea del AMBA, otros tres distritos del pa\u00eds -Chaco, la ciudad de General Roca (R\u00edo Negro) y el aglomerado urbano de Neuqu\u00e9n-, reponen las restricciones al transporte p\u00fablico y blindan los controles de circulaci\u00f3n, a&#8230;<\/p>\n","protected":false},"author":3,"featured_media":62572,"comment_status":"closed","ping_status":"closed","sticky":false,"template":"","format":"standard","meta":[],"categories":[2],"tags":[],"_links":{"self":[{"href":"https:\/\/www.actualidadadiario.com\/index.php\/wp-json\/wp\/v2\/posts\/63606"}],"collection":[{"href":"https:\/\/www.actualidadadiario.com\/index.php\/wp-json\/wp\/v2\/posts"}],"about":[{"href":"https:\/\/www.actualidadadiario.com\/index.php\/wp-json\/wp\/v2\/types\/post"}],"author":[{"embeddable":true,"href":"https:\/\/www.actualidadadiario.com\/index.php\/wp-json\/wp\/v2\/users\/3"}],"replies":[{"embeddable":true,"href":"https:\/\/www.actualidadadiario.com\/index.php\/wp-json\/wp\/v2\/comments?post=63606"}],"version-history":[{"count":1,"href":"https:\/\/www.actualidadadiario.com\/index.php\/wp-json\/wp\/v2\/posts\/63606\/revisions"}],"predecessor-version":[{"id":63607,"href":"https:\/\/www.actualidadadiario.com\/index.php\/wp-json\/wp\/v2\/posts\/63606\/revisions\/63607"}],"wp:featuredmedia":[{"embeddable":true,"href":"https:\/\/www.actualidadadiario.com\/index.php\/wp-json\/wp\/v2\/media\/62572"}],"wp:attachment":[{"href":"https:\/\/www.actualidadadiario.com\/index.php\/wp-json\/wp\/v2\/media?parent=63606"}],"wp:term":[{"taxonomy":"category","embeddable":true,"href":"https:\/\/www.actualidadadiario.com\/index.php\/wp-json\/wp\/v2\/categories?post=63606"},{"taxonomy":"post_tag","embeddable":true,"href":"https:\/\/www.actualidadadiario.com\/index.php\/wp-json\/wp\/v2\/tags?post=63606"}],"curies":[{"name":"wp","href":"https:\/\/api.w.org\/{rel}","templated":true}]}}