{"id":63604,"date":"2020-07-01T12:50:55","date_gmt":"2020-07-01T15:50:55","guid":{"rendered":"https:\/\/www.actualidadadiario.com\/?p=63604"},"modified":"2020-07-01T12:50:55","modified_gmt":"2020-07-01T15:50:55","slug":"tercer-mes-consecutivo-de-inflacion-por-debajo-del-2","status":"publish","type":"post","link":"https:\/\/www.actualidadadiario.com\/index.php\/2020\/07\/01\/tercer-mes-consecutivo-de-inflacion-por-debajo-del-2\/","title":{"rendered":"Tercer mes consecutivo de inflaci\u00f3n por debajo del 2%"},"content":{"rendered":"<p style=\"text-align: center;\"><em><strong>En junio, los controles y congelamientos mantuvieron las subas relativamente controladas. Ahora, la Secretar\u00eda de Comercio prorrog\u00f3 por 60 el programa de Precios M\u00e1ximos, clave en la desaceleraci\u00f3n. En el largo plazo, se descuentan presiones sobre el d\u00f3lar y la inflaci\u00f3n<\/strong><\/em><\/p>\n<p>&nbsp;<\/p>\n<p>&nbsp;<\/p>\n<p>&nbsp;<\/p>\n<p>La Secretar\u00eda de Comercio volvi\u00f3 a prorrogar, esta vez por 60 d\u00edas, el programa Precios M\u00e1ximos, que obliga a toda la cadena productiva a sostener los valores vigentes al 6 de marzo para 304 productos esenciales, entre los que aparecen alimentos, bebidas, art\u00edculos de higiene y limpieza. Hasta ac\u00e1, la medida fue clave, junto con la megarecesi\u00f3n y la regulaci\u00f3n del precio del d\u00f3lar y las tarifas, para explicar la desaceleraci\u00f3n inflacionaria en general y, en particular, la de los alimentos. Si bien se esperaba que junio fuera el comienzo de la aceleraci\u00f3n de precios, el mes habr\u00eda vuelto a terminar por debajo del 2%.<\/p>\n<p>La aceleraci\u00f3n que se inici\u00f3 a fines de mayo y principios de junio encendi\u00f3 algunas alarmas. Las primeras proyecciones del mes auguraban una inflaci\u00f3n ya bastante por encima del 2%. Hacia la segunda semana del mes las mediciones privadas comenzaron a registrar que esa din\u00e1mica se hab\u00eda detenido y bajaron sus proyecciones, en forma casi un\u00e1nime, por debajo del 2%. En ese sentido, con el mes cerrado, la consultora Seido se\u00f1al\u00f3 que la inflaci\u00f3n de junio fue de 1,7%.<\/p>\n<p>Adem\u00e1s, se\u00f1al\u00f3 que \u201ccomenz\u00f3 a desacelerarse\u201d nuevamente. El informe destac\u00f3: \u201cConsideramos que la inflaci\u00f3n a corto plazo deber\u00eda continuar moderada debido a estrictos controles, los precios congelados y los efectos inducidos por el confinamiento. Sin embargo, a largo plazo, la din\u00e1mica de la inflaci\u00f3n podr\u00eda cambiar si los desequilibrios macro fuerzan una correcci\u00f3n de la tasa de cambio oficial\u201d.<\/p>\n<p>Para ese corto plazo, la clave son el cepo al d\u00f3lar, que va permitiendo un lento deslizamiento cambiario, el congelamiento de las tarifas, las paritarias en suspenso, con recortes salariales nominales incluidos, y los Precios M\u00e1ximos, que continuar\u00e1n rigiendo por 60 d\u00edas m\u00e1s.<\/p>\n<p>La medida regulatoria, que ahora tendr\u00e1 vigencia hasta el 30 de agosto, fue publicada en el Bolet\u00edn Oficial a trav\u00e9s de la Resoluci\u00f3n 200\/20. El texto, firmado por la secretaria de Comercio Interior, Paula Espa\u00f1ol, afirma que la norma busca \u201cgarantizar los derechos esenciales de la poblaci\u00f3n y su goce efectivo, resultando un inter\u00e9s prioritario asegurar el acceso sin restricciones a los bienes b\u00e1sicos, especialmente a aquellos tendientes a la protecci\u00f3n de la salud, alimentaci\u00f3n e higiene individual y colectiva\u201d.<\/p>\n<p>Hasta ac\u00e1, el programa tuvo un buen desempe\u00f1o. El 2020 arranc\u00f3 con una din\u00e1mica muy fuerte para los alimentos, con una suba de 4,7% en enero, que se explic\u00f3 principalmente por el fin de la quita del IVA vendedor a los esenciales. En febrero desaceler\u00f3 a 2,7% pero en marzo, a la luz de la crisis sanitaria, volvi\u00f3 a marcar subas y el aumento generalizado fue de 3,9%.<\/p>\n<p>En esa instancia, el ministro de Desarrollo Productivo, Mat\u00edas Kulfas, anunci\u00f3 el programa de Precios M\u00e1ximos. El texto de la primera resoluci\u00f3n afirm\u00f3: \u201cCorresponde advertir que se han verificado aumentos generalizados en el precio de venta de productos tanto de alimentos para la poblaci\u00f3n, as\u00ed como tambi\u00e9n de productos de higiene y cuidado personal; dichos aumentos, por parte empresas de diversa capacidad econ\u00f3mica, resultan irrazonables y no se corresponden con las variaciones recientes de las estructuras de costos de producci\u00f3n. Este aumento general de precios afecta especialmente el bienestar general de la poblaci\u00f3n al proyectarse en el marco de la ampliaci\u00f3n de la emergencia p\u00fablica en materia sanitaria\u201d.<\/p>\n<p>En abril hubo una primera m\u00ednima desaceleraci\u00f3n hasta 3,2% para los alimentos, seg\u00fan el IPC Nacional. Desde el CEPA, en ese entonces, afirmaron que en abril la retracci\u00f3n de precios al 6 de marzo a la que apunt\u00f3 la norma mostr\u00f3 \u201cprecios contenidos en las grandes cadenas de comercializaci\u00f3n, a la par de mayor dispersi\u00f3n de precios en los comercios de cercan\u00eda\u201d.<\/p>\n<p>Luego, en mayo, la desaceleraci\u00f3n fue notoria y los alimentos marcaron una suba de apenas 0,7%. En ese mismo mes, la Canasta B\u00e1sica Alimentaria (CBA) lleg\u00f3 a marcar una deflaci\u00f3n de 0,1%. En paralelo, la inflaci\u00f3n total se mantuvo a raya, con dos subas consecutivas de 1,5% en abril y mayo. Que ahora encontrar\u00eda un correlato en un junio que permanecer\u00e1 por debajo del 2%.<\/p>\n<p>El viernes, el BCRA publicar\u00e1 el Relevamiento de Expectativas del Mercado (REM), que mostrar\u00e1 la inflaci\u00f3n esperada a mediano plazo por las consultoras. Ah\u00ed se ver\u00e1 si el nuevo round de calma inflacionaria comenz\u00f3 a impactar en las perspectivas de la din\u00e1mica 2020, que en mayo marc\u00f3 una proyecci\u00f3n de 42,3% para la totalidad del a\u00f1o. Si la inflaci\u00f3n de junio es de 1,7%, el acumulado del primer semestre ser\u00e1 de 12,9%. Para llegar a un IPC de 42,3%, la inflaci\u00f3n mensual promedio deber\u00e1 estar por encima del 4% durante el segundo semestre. Y eso con congelamiento tarifario, cepo y paritarias que reci\u00e9n arrancar\u00edan a fin de a\u00f1o.<\/p>\n<p>M\u00e1s all\u00e1 de la posibilidad de que esas proyecciones sean exageradas, lo que se descuenta es que en el rebote productivo, tras el desplome de un cuarto del PBI entre marzo y abril, habr\u00e1 aceleraci\u00f3n de precios. El crecimiento acelerado, por encima del 90% de los agregados monetarios como el m2, que por ahora es compensado con una circulaci\u00f3n de dinero baja, a causa de las restricciones de la cuarentena, ejercer\u00e1 algunas presiones sobre el mercado cambiario paralelo.<\/p>\n<p>El analista Hern\u00e1n Herrera sostuvo que, en el largo plazo, la devaluaci\u00f3n por encima de 60% entre el 1 de agosto y el 1 de julio, en paralelo a una inflaci\u00f3n de 32% acumulada en ese mismo per\u00edodo, implicar\u00e1 presiones una vez que la recesi\u00f3n termine.<\/p>\n<p>Dijo : \u201cSi est\u00e1s creciendo bien, supongamos que por un rebote m\u00e1s r\u00e1pido que el esperado, y eso te lleva a una mayor demanda de d\u00f3lares, que se financia como se puede en un contexto en el que no van a entrar divisas financieras, el d\u00f3lar va a tener presiones. Entonces, seg\u00fan cu\u00e1nto se expanda la brecha, el crecimiento va a ser con inflaci\u00f3n. El crecimiento hace que la oferta pueda subir precios. Hoy est\u00e1n pisados. De agosto hasta ahora, la devaluaci\u00f3n fue de m\u00e1s de 60% y no hubo una inflaci\u00f3n as\u00ed de alta. Falta inflaci\u00f3n, si se lo compara con el d\u00f3lar. Perdieron contra el d\u00f3lar, de agosto para ac\u00e1, los precios. La recesi\u00f3n destruy\u00f3 la posibilidad de subir precios. Quedan correcciones de precios pendientes. As\u00ed que el crecimiento va a ser con inflaci\u00f3n. Lo que queda esperar es que no sea inercial. Por debajo del 28% es manejable, te permite crecer y mejorar el salario. Por encima de eso, ya no\u201d.<\/p>\n","protected":false},"excerpt":{"rendered":"<p>En junio, los controles y congelamientos mantuvieron las subas relativamente controladas. Ahora, la Secretar\u00eda de Comercio prorrog\u00f3 por 60 el programa de Precios M\u00e1ximos, clave en la desaceleraci\u00f3n. En el largo plazo, se descuentan presiones sobre el d\u00f3lar y la inflaci\u00f3n &nbsp; &nbsp; &nbsp; La Secretar\u00eda de Comercio volvi\u00f3 a prorrogar, esta vez por 60 d\u00edas, el programa Precios M\u00e1ximos, que obliga a toda la cadena productiva a sostener los valores vigentes al 6 de marzo para 304 productos esenciales, entre los que aparecen alimentos, bebidas, art\u00edculos de higiene y&#8230;<\/p>\n","protected":false},"author":3,"featured_media":62825,"comment_status":"closed","ping_status":"closed","sticky":false,"template":"","format":"standard","meta":[],"categories":[2],"tags":[],"_links":{"self":[{"href":"https:\/\/www.actualidadadiario.com\/index.php\/wp-json\/wp\/v2\/posts\/63604"}],"collection":[{"href":"https:\/\/www.actualidadadiario.com\/index.php\/wp-json\/wp\/v2\/posts"}],"about":[{"href":"https:\/\/www.actualidadadiario.com\/index.php\/wp-json\/wp\/v2\/types\/post"}],"author":[{"embeddable":true,"href":"https:\/\/www.actualidadadiario.com\/index.php\/wp-json\/wp\/v2\/users\/3"}],"replies":[{"embeddable":true,"href":"https:\/\/www.actualidadadiario.com\/index.php\/wp-json\/wp\/v2\/comments?post=63604"}],"version-history":[{"count":1,"href":"https:\/\/www.actualidadadiario.com\/index.php\/wp-json\/wp\/v2\/posts\/63604\/revisions"}],"predecessor-version":[{"id":63605,"href":"https:\/\/www.actualidadadiario.com\/index.php\/wp-json\/wp\/v2\/posts\/63604\/revisions\/63605"}],"wp:featuredmedia":[{"embeddable":true,"href":"https:\/\/www.actualidadadiario.com\/index.php\/wp-json\/wp\/v2\/media\/62825"}],"wp:attachment":[{"href":"https:\/\/www.actualidadadiario.com\/index.php\/wp-json\/wp\/v2\/media?parent=63604"}],"wp:term":[{"taxonomy":"category","embeddable":true,"href":"https:\/\/www.actualidadadiario.com\/index.php\/wp-json\/wp\/v2\/categories?post=63604"},{"taxonomy":"post_tag","embeddable":true,"href":"https:\/\/www.actualidadadiario.com\/index.php\/wp-json\/wp\/v2\/tags?post=63604"}],"curies":[{"name":"wp","href":"https:\/\/api.w.org\/{rel}","templated":true}]}}