{"id":63598,"date":"2020-07-01T12:49:18","date_gmt":"2020-07-01T15:49:18","guid":{"rendered":"https:\/\/www.actualidadadiario.com\/?p=63598"},"modified":"2020-07-01T12:49:18","modified_gmt":"2020-07-01T15:49:18","slug":"los-empleadores-que-pidan-asistencia-para-pagar-salarios-se-pueden-anotar-hasta-el-viernes","status":"publish","type":"post","link":"https:\/\/www.actualidadadiario.com\/index.php\/2020\/07\/01\/los-empleadores-que-pidan-asistencia-para-pagar-salarios-se-pueden-anotar-hasta-el-viernes\/","title":{"rendered":"Los empleadores que pidan asistencia para pagar salarios se pueden anotar hasta el viernes"},"content":{"rendered":"<p style=\"text-align: center;\"><em><strong>Todas las empresas deber\u00e1n registrarse, incluso aquellas que hubieran realizado el procedimiento en los meses anteriores<\/strong><\/em><\/p>\n<p>&nbsp;<\/p>\n<p>&nbsp;<\/p>\n<p>Los empleadores que requieran la asistencia estatal para el pago de los salarios de junio pueden registrarse hasta este viernes, inform\u00f3 la Administraci\u00f3n Federal de Ingresos P\u00fablicos (AFIP).<\/p>\n<p>El organismo precis\u00f3 que, para hacerlo, deben cargar la informaci\u00f3n sobre su facturaci\u00f3n en el sitio web de la AFIP, http:\/\/afip.gob.ar.<\/p>\n<p>Todas las empresas deber\u00e1n registrarse, incluso aquellas que hubieran realizado el procedimiento en los meses anteriores.<\/p>\n<p>Las firmas que iniciaron actividades entre enero y abril de 2019 podr\u00e1n rectificar la informaci\u00f3n sobre su facturaci\u00f3n para acceder al Salario Complementario de mayo.<\/p>\n<p>A trav\u00e9s de la Resoluci\u00f3n General 4751\/2020 la AFIP habilit\u00f3 a que dichas empresas ingresen en la facturaci\u00f3n referida a diciembre de 2019 y abril de 2020.<\/p>\n<p>Esos datos ser\u00e1n utilizados por el organismo para validar el acceso al beneficio del Programa de Asistencia de Emergencia al Trabajo y la Producci\u00f3n (ATP) correspondiente a mayo.<\/p>\n<p>El acceso al Salario Complementario de mayo se validar\u00e1 cuando se cumplan los par\u00e1metros en materia de variaci\u00f3n en la facturaci\u00f3n entre ambos per\u00edodos, que no debe superar el 5%, y la actividad desarrollada est\u00e9 contemplada en la normativa.<\/p>\n<p>Los empleadores registrados en el programa ATP que todav\u00eda no lo hubieran hecho deber\u00e1n informar una CBU para cada uno de sus trabajadores y trabajadoras.<\/p>\n<p>La carga de la informaci\u00f3n se realiza a trav\u00e9s del servicio web \u201cSimplificaci\u00f3n Registral\u201d, y no es necesario que sea una cuenta sueldo, sino que puede ser cualquier cuenta bancaria v\u00e1lida donde el trabajador o la trabajadora figuren como titular o cotitular.<\/p>\n","protected":false},"excerpt":{"rendered":"<p>Todas las empresas deber\u00e1n registrarse, incluso aquellas que hubieran realizado el procedimiento en los meses anteriores &nbsp; &nbsp; Los empleadores que requieran la asistencia estatal para el pago de los salarios de junio pueden registrarse hasta este viernes, inform\u00f3 la Administraci\u00f3n Federal de Ingresos P\u00fablicos (AFIP). El organismo precis\u00f3 que, para hacerlo, deben cargar la informaci\u00f3n sobre su facturaci\u00f3n en el sitio web de la AFIP, http:\/\/afip.gob.ar. Todas las empresas deber\u00e1n registrarse, incluso aquellas que hubieran realizado el procedimiento en los meses anteriores. Las firmas que iniciaron actividades entre enero&#8230;<\/p>\n","protected":false},"author":3,"featured_media":63599,"comment_status":"closed","ping_status":"closed","sticky":false,"template":"","format":"standard","meta":[],"categories":[2],"tags":[],"_links":{"self":[{"href":"https:\/\/www.actualidadadiario.com\/index.php\/wp-json\/wp\/v2\/posts\/63598"}],"collection":[{"href":"https:\/\/www.actualidadadiario.com\/index.php\/wp-json\/wp\/v2\/posts"}],"about":[{"href":"https:\/\/www.actualidadadiario.com\/index.php\/wp-json\/wp\/v2\/types\/post"}],"author":[{"embeddable":true,"href":"https:\/\/www.actualidadadiario.com\/index.php\/wp-json\/wp\/v2\/users\/3"}],"replies":[{"embeddable":true,"href":"https:\/\/www.actualidadadiario.com\/index.php\/wp-json\/wp\/v2\/comments?post=63598"}],"version-history":[{"count":1,"href":"https:\/\/www.actualidadadiario.com\/index.php\/wp-json\/wp\/v2\/posts\/63598\/revisions"}],"predecessor-version":[{"id":63600,"href":"https:\/\/www.actualidadadiario.com\/index.php\/wp-json\/wp\/v2\/posts\/63598\/revisions\/63600"}],"wp:featuredmedia":[{"embeddable":true,"href":"https:\/\/www.actualidadadiario.com\/index.php\/wp-json\/wp\/v2\/media\/63599"}],"wp:attachment":[{"href":"https:\/\/www.actualidadadiario.com\/index.php\/wp-json\/wp\/v2\/media?parent=63598"}],"wp:term":[{"taxonomy":"category","embeddable":true,"href":"https:\/\/www.actualidadadiario.com\/index.php\/wp-json\/wp\/v2\/categories?post=63598"},{"taxonomy":"post_tag","embeddable":true,"href":"https:\/\/www.actualidadadiario.com\/index.php\/wp-json\/wp\/v2\/tags?post=63598"}],"curies":[{"name":"wp","href":"https:\/\/api.w.org\/{rel}","templated":true}]}}