{"id":63595,"date":"2020-07-01T12:48:22","date_gmt":"2020-07-01T15:48:22","guid":{"rendered":"https:\/\/www.actualidadadiario.com\/?p=63595"},"modified":"2020-07-01T12:48:32","modified_gmt":"2020-07-01T15:48:32","slug":"la-venta-de-0-km-registro-en-junio-la-primera-suba-interanual-de-los-ultimos-24-meses","status":"publish","type":"post","link":"https:\/\/www.actualidadadiario.com\/index.php\/2020\/07\/01\/la-venta-de-0-km-registro-en-junio-la-primera-suba-interanual-de-los-ultimos-24-meses\/","title":{"rendered":"La venta de 0 Km registr\u00f3 en junio la primera suba interanual de los \u00faltimos 24 meses"},"content":{"rendered":"<p style=\"text-align: center;\"><em><strong>La cantidad de veh\u00edculos 0 Km patentados durante junio ascendi\u00f3 a 36.991 unidades, lo que represent\u00f3 una suba del 2,3% respecto al mismo mes de 2019, y conform\u00f3 el primer resultado interanual positivo del sector tras 24 meses de ca\u00eddas consecutivas<\/strong><\/em><\/p>\n<p>&nbsp;<\/p>\n<p>&nbsp;<\/p>\n<p>As\u00ed lo inform\u00f3 esta noche la Asociaci\u00f3n de Concesionarios de Automotores (ACARA) al procesar los datos del \u00faltimo d\u00eda del mes.<\/p>\n<p>De esta forma, en los primeros seis meses del corriente a\u00f1o los pantentamientos sumaron 153.099 unidades.<\/p>\n<p>En la comparaci\u00f3n intermensual, los patentamientos de junio reflejaron un incremento del 74,3% respecto de mayo, cuando salieron de las concesionarias un total de 21.221 unidades.<\/p>\n<p>Tras darse a conocer las cifras, el presidente de Acara, Ricardo Salom\u00e9, resalt\u00f3 que &#8220;tal como se ven\u00eda adelantando, cuando se produjo la apertura de los salones de venta, la gente sac\u00f3 turno y visit\u00f3 las concesionarias con una decisi\u00f3n de aprovechar las bonificaciones vigentes&#8221;.<\/p>\n<p>&#8220;Eso explica haber podido volver a crecer de forma interanual, luego de 24 meses dur\u00edsimos de ca\u00edda ininterrumpida&#8221;, expres\u00f3 el directivo.<\/p>\n<p>No obstante, Salom\u00e9 advirti\u00f3 que &#8220;no se puede perder de vista que 2020 ser\u00e1 un a\u00f1o de casi 200.000 veh\u00edculos menos que 2019, que fue un a\u00f1o muy gravoso para el sector&#8221;.<\/p>\n<p>Seg\u00fan las estimaciones del sector, el corriente a\u00f1o cerrar\u00eda con un total de 260.000 unidades, por lo que insisten en la necesidad de contar con un programa de incentivo que permita reanimar las ventas.<\/p>\n<p>Las concesionarias alertaron que la oferta enfrenta &#8220;grandes problemas&#8221; para reponer los veh\u00edculos vendidos, por lo que temen que el sector pueda enfrentar una descapitalizaci\u00f3n.<\/p>\n<p>Salom\u00e9 dijo que &#8220;ya hay muchos inconvenientes para reponer lo vendido y si la producci\u00f3n e importaci\u00f3n no acompa\u00f1an, en tres meses estar\u00edamos en un estado de descapitalizaci\u00f3n alarmante por no haber podido reponer 13.000 veh\u00edculos del stock&#8221;.<\/p>\n<p>&#8220;Ser\u00eda grave detener la demanda por no disponer de veh\u00edculos para comercializar, no solo para nosotros, sino tambi\u00e9n porque cada 100.000 autos que no se patentan son 83.000 millones de pesos menos de recaudaci\u00f3n que el Estado deja de percibir&#8221;, complet\u00f3.<\/p>\n<p>Ya en la primera semana de junio, el sector observ\u00f3 la posibilidad de que a lo largo del mes pudieran alcanzar niveles positivos interanuales, lo que finalmente se termin\u00f3 de confirmar.<\/p>\n<p>Eso sucedi\u00f3 tras la reapertura de las 900 concesionarias que hay en todo el pa\u00eds, por las limitaciones dispuestas en el marco del aislamiento social.<\/p>\n<p>De acuerdo con actores del sector el inesperado crecimiento de ventas responde a un conjunto de factores entre los que se destacan la existencia de una demanda contenida durante dos meses, las escasas alternativas de inversi\u00f3n por la coyuntura econ\u00f3mica, los precios en d\u00f3lares relativos m\u00e1s baratos y las promociones agresivas de las marcas.<\/p>\n","protected":false},"excerpt":{"rendered":"<p>La cantidad de veh\u00edculos 0 Km patentados durante junio ascendi\u00f3 a 36.991 unidades, lo que represent\u00f3 una suba del 2,3% respecto al mismo mes de 2019, y conform\u00f3 el primer resultado interanual positivo del sector tras 24 meses de ca\u00eddas consecutivas &nbsp; &nbsp; As\u00ed lo inform\u00f3 esta noche la Asociaci\u00f3n de Concesionarios de Automotores (ACARA) al procesar los datos del \u00faltimo d\u00eda del mes. De esta forma, en los primeros seis meses del corriente a\u00f1o los pantentamientos sumaron 153.099 unidades. En la comparaci\u00f3n intermensual, los patentamientos de junio reflejaron un&#8230;<\/p>\n","protected":false},"author":3,"featured_media":23317,"comment_status":"closed","ping_status":"closed","sticky":false,"template":"","format":"standard","meta":[],"categories":[2],"tags":[],"_links":{"self":[{"href":"https:\/\/www.actualidadadiario.com\/index.php\/wp-json\/wp\/v2\/posts\/63595"}],"collection":[{"href":"https:\/\/www.actualidadadiario.com\/index.php\/wp-json\/wp\/v2\/posts"}],"about":[{"href":"https:\/\/www.actualidadadiario.com\/index.php\/wp-json\/wp\/v2\/types\/post"}],"author":[{"embeddable":true,"href":"https:\/\/www.actualidadadiario.com\/index.php\/wp-json\/wp\/v2\/users\/3"}],"replies":[{"embeddable":true,"href":"https:\/\/www.actualidadadiario.com\/index.php\/wp-json\/wp\/v2\/comments?post=63595"}],"version-history":[{"count":2,"href":"https:\/\/www.actualidadadiario.com\/index.php\/wp-json\/wp\/v2\/posts\/63595\/revisions"}],"predecessor-version":[{"id":63597,"href":"https:\/\/www.actualidadadiario.com\/index.php\/wp-json\/wp\/v2\/posts\/63595\/revisions\/63597"}],"wp:featuredmedia":[{"embeddable":true,"href":"https:\/\/www.actualidadadiario.com\/index.php\/wp-json\/wp\/v2\/media\/23317"}],"wp:attachment":[{"href":"https:\/\/www.actualidadadiario.com\/index.php\/wp-json\/wp\/v2\/media?parent=63595"}],"wp:term":[{"taxonomy":"category","embeddable":true,"href":"https:\/\/www.actualidadadiario.com\/index.php\/wp-json\/wp\/v2\/categories?post=63595"},{"taxonomy":"post_tag","embeddable":true,"href":"https:\/\/www.actualidadadiario.com\/index.php\/wp-json\/wp\/v2\/tags?post=63595"}],"curies":[{"name":"wp","href":"https:\/\/api.w.org\/{rel}","templated":true}]}}