{"id":63586,"date":"2020-07-01T12:45:13","date_gmt":"2020-07-01T15:45:13","guid":{"rendered":"https:\/\/www.actualidadadiario.com\/?p=63586"},"modified":"2020-07-01T12:45:13","modified_gmt":"2020-07-01T15:45:13","slug":"este-miercoles-se-registraron-10-nuevos-casos-de-coronavirus-en-entre-rios","status":"publish","type":"post","link":"https:\/\/www.actualidadadiario.com\/index.php\/2020\/07\/01\/este-miercoles-se-registraron-10-nuevos-casos-de-coronavirus-en-entre-rios\/","title":{"rendered":"Este mi\u00e9rcoles se registraron 10 nuevos casos de coronavirus en Entre R\u00edos"},"content":{"rendered":"<p style=\"text-align: center;\"><em><strong>El \u00e1rea de Vigilancia Epidemiol\u00f3gica del Ministerio de Salud, confirm\u00f3 que en Entre R\u00edos este mi\u00e9rcoles se registraron 10 nuevos casos de coronavirus<\/strong><\/em><\/p>\n<p>&nbsp;<\/p>\n<p>&nbsp;<\/p>\n<p>Los nueve primeros corresponden al departamento Paran\u00e1, ocho de la ciudad capital y uno de la localidad de Crespo. Seis son contactos estrechos de pacientes con Covid-19 positivo, mientras que tres de ellos se encuentran en estudio el nexo epidemiol\u00f3gico.<\/p>\n<p>El \u00faltimo caso pertenece a la zona rural del departamento Col\u00f3n, trat\u00e1ndose de una persona relacionada con los confirmados en los \u00faltimos d\u00edas. Cabe citar que este caso y todos los positivos informados de la ciudad de Villa Elisa, corresponden a Colonia Las Pepas.<\/p>\n<p>De ese modo, en la provincia son 293 los casos confirmados.<\/p>\n","protected":false},"excerpt":{"rendered":"<p>El \u00e1rea de Vigilancia Epidemiol\u00f3gica del Ministerio de Salud, confirm\u00f3 que en Entre R\u00edos este mi\u00e9rcoles se registraron 10 nuevos casos de coronavirus &nbsp; &nbsp; Los nueve primeros corresponden al departamento Paran\u00e1, ocho de la ciudad capital y uno de la localidad de Crespo. Seis son contactos estrechos de pacientes con Covid-19 positivo, mientras que tres de ellos se encuentran en estudio el nexo epidemiol\u00f3gico. El \u00faltimo caso pertenece a la zona rural del departamento Col\u00f3n, trat\u00e1ndose de una persona relacionada con los confirmados en los \u00faltimos d\u00edas. Cabe citar&#8230;<\/p>\n","protected":false},"author":3,"featured_media":60994,"comment_status":"closed","ping_status":"closed","sticky":false,"template":"","format":"standard","meta":[],"categories":[15],"tags":[],"_links":{"self":[{"href":"https:\/\/www.actualidadadiario.com\/index.php\/wp-json\/wp\/v2\/posts\/63586"}],"collection":[{"href":"https:\/\/www.actualidadadiario.com\/index.php\/wp-json\/wp\/v2\/posts"}],"about":[{"href":"https:\/\/www.actualidadadiario.com\/index.php\/wp-json\/wp\/v2\/types\/post"}],"author":[{"embeddable":true,"href":"https:\/\/www.actualidadadiario.com\/index.php\/wp-json\/wp\/v2\/users\/3"}],"replies":[{"embeddable":true,"href":"https:\/\/www.actualidadadiario.com\/index.php\/wp-json\/wp\/v2\/comments?post=63586"}],"version-history":[{"count":1,"href":"https:\/\/www.actualidadadiario.com\/index.php\/wp-json\/wp\/v2\/posts\/63586\/revisions"}],"predecessor-version":[{"id":63587,"href":"https:\/\/www.actualidadadiario.com\/index.php\/wp-json\/wp\/v2\/posts\/63586\/revisions\/63587"}],"wp:featuredmedia":[{"embeddable":true,"href":"https:\/\/www.actualidadadiario.com\/index.php\/wp-json\/wp\/v2\/media\/60994"}],"wp:attachment":[{"href":"https:\/\/www.actualidadadiario.com\/index.php\/wp-json\/wp\/v2\/media?parent=63586"}],"wp:term":[{"taxonomy":"category","embeddable":true,"href":"https:\/\/www.actualidadadiario.com\/index.php\/wp-json\/wp\/v2\/categories?post=63586"},{"taxonomy":"post_tag","embeddable":true,"href":"https:\/\/www.actualidadadiario.com\/index.php\/wp-json\/wp\/v2\/tags?post=63586"}],"curies":[{"name":"wp","href":"https:\/\/api.w.org\/{rel}","templated":true}]}}