{"id":63583,"date":"2020-07-01T12:42:39","date_gmt":"2020-07-01T15:42:39","guid":{"rendered":"https:\/\/www.actualidadadiario.com\/?p=63583"},"modified":"2020-07-01T12:42:39","modified_gmt":"2020-07-01T15:42:39","slug":"bordet-analizo-con-diputados-del-oficialismo-el-proyecto-de-ley-de-emergencia-solidaria","status":"publish","type":"post","link":"https:\/\/www.actualidadadiario.com\/index.php\/2020\/07\/01\/bordet-analizo-con-diputados-del-oficialismo-el-proyecto-de-ley-de-emergencia-solidaria\/","title":{"rendered":"Bordet analiz\u00f3 con diputados del oficialismo el proyecto de ley de emergencia solidaria"},"content":{"rendered":"<p style=\"text-align: center;\"><em><strong>A trav\u00e9s de una videoconferencia el gobernador Gustavo Bordet abord\u00f3 con diputados del oficialismo el proyecto de ley de emergencia solidaria que elev\u00f3 a la Legislatura<\/strong><\/em><\/p>\n<p>&nbsp;<\/p>\n<p>&nbsp;<\/p>\n<p>Este proyecto es a ra\u00edz de la cr\u00edtica situaci\u00f3n econ\u00f3mica, la disminuci\u00f3n de recursos fiscales y la fuerte inversi\u00f3n que demanda la situaci\u00f3n sanitaria y social.<\/p>\n<p>\u201cLa ley de emergencia es claramente justificada. Es solidaria y progresista porque alcanza a los que tienen m\u00e1s capacidad contributiva y m\u00e1s dinero han ganado, como son los bancos, las droguer\u00edas y los propietarios de m\u00e1s de mil hect\u00e1reas. Esto es transitorio y tiene un plazo establecido en el mismo texto proyectado\u201d, sostuvo al respecto el presidente de la C\u00e1mara de Diputados de la provincia, \u00c1ngel Giano.<\/p>\n<p>Consultado por la prensa, Giano indic\u00f3 que se registra \u201cuna ca\u00edda de la econom\u00eda en un 25 por ciento, p\u00e9rdida de trabajo, salarios del sector privado que no alcanzan para llegar a fin de mes. Vivimos meses de mucha crisis, no s\u00f3lo sanitaria. El gobernador, para cumplir con sus funciones, para poder obtener recursos de qui\u00e9nes m\u00e1s ganan dinero no solamente frente esta crisis sanitaria, sino a\u00f1os tambi\u00e9n en anteriores, decidi\u00f3 enviar un proyecto a la legislatura de emergencia y transitoria, hasta el 30 de junio del 2021, prorrogable por 180 d\u00edas m\u00e1s\u201d.<\/p>\n<p>Dicho esto, remarc\u00f3 que \u201chay una situaci\u00f3n de afectaci\u00f3n de la situaci\u00f3n toda, producto de la restricci\u00f3n de la econom\u00eda, del aislamiento y distanciamiento. No tenemos una fecha determinada para recuperar la normalidad. No tengo dudas que cuando esto ocurra en Argentina, por las caracter\u00edsticas de su producci\u00f3n e industria, lo har\u00e1 r\u00e1pidamente. Pero el gobierno provincial no puede emitir dinero, y tiene a cargo obligaciones por 150.000 familias, en cuanto pasivos y activos, a la que todos los meses debe destinar el 80 por ciento de sus recursos para abonar salarios, un 7 por ciento de gastos de funcionamiento y 13 por ciento para la Caja de Jubilaciones\u201d, detall\u00f3.<\/p>\n<p>Dicho esto, el diputado record\u00f3 que el gobernador Gustavo Bordet que ha administrado la provincia en la primera gesti\u00f3n &#8220;en forma exitosa, tal es as\u00ed que fue acompa\u00f1ado en la reelecci\u00f3n por casi el 60 por ciento de los votos de los entrerrianos y entrerrianas, tuvo que hacerse cargo de una segunda gesti\u00f3n, que empez\u00f3 a fin del a\u00f1o 2015 a tener muchos problemas como consecuencia directa de las decisiones pol\u00edticas equivocadas, err\u00f3neas que tom\u00f3 el gobierno nacional anterior de Mauricio Macri concretamente, a partir de un d\u00eda que fue nefasto para toda la Argentina que fue el lunes posterior a las paso del a\u00f1o pasado, donde se gener\u00f3 una devaluaci\u00f3n, con un impacto y un impacto econ\u00f3mico en la finanza de los argentinos y obviamente de las provincias argentinas en las administraciones y obviamente agudiz\u00f3 el contexto cr\u00edtico que Argentina ven\u00eda atravesando en los cuatro a\u00f1os de la gesti\u00f3n nacional anterior&#8221;.<\/p>\n<p>El legislador se\u00f1al\u00f3 en este contexto, &#8220;el inicio de la gesti\u00f3n del gobernador Bordet en una crisis nacional, con un pa\u00eds s\u00faper endeudado&#8221;. Y en este marco, &#8220;se confecciona un presupuesto el a\u00f1o pasado, para hacer frente a ese pa\u00eds en crisis, que la provincia de Entre R\u00edos en un contexto nacional con un gobierno nacional totalmente distinto, que ten\u00eda y tiene ideas totalmente diferentes a las gobierno anterior&#8221;.<\/p>\n<p>En este sentido, apunt\u00f3 que &#8220;ese es el presupuesto que se elabor\u00f3 para hacer frente a una crisis, ahora cuando empezamos a ejecutar este a\u00f1o el presupuesto, cuando empezamos a transitar el a\u00f1o nos encontramos con la pandemia. Esta es una crisis inesperada, que afecta a todo el mundo, nadie puede ignorar y qu\u00e9 ha provocado m\u00e1s all\u00e1 de lo sanitario crisis econ\u00f3mica en todos los sectores de la poblaci\u00f3n especialmente del sector privado&#8221;.<\/p>\n<p>Acot\u00f3 que si vamos a los t\u00edtulos de hoy, hablan de &#8220;la ca\u00edda de la econom\u00eda un 25 por ciento, p\u00e9rdida de trabajo, salarios que no alcanzan para llegar a fin de mes, vivimos meses de muchas crisis, no s\u00f3lo sanitaria y el gobernador para cumplir con sus funciones, para poder obtener recursos de quienes m\u00e1s ganan dinero no solamente frente esta crisis sanitaria, sino a\u00f1os tambi\u00e9n en anteriores, decidi\u00f3 enviar un proyecto a la legislatura de emergencia y transitorio, hasta el 30 de junio del 2021, prorrogable por 180 d\u00edas m\u00e1s y que en el caso de las entidades financieras paguen m\u00e1s de impuestos de ingresos brutos, aument\u00e1ndole es la base imponible, que las droguer\u00edas o qui\u00e9nes venden medicamentos al por mayor tambi\u00e9n para el mayores costos a los ingresos brutos llev\u00e1ndolo al cuatro por ciento&#8221;.<\/p>\n<p>Mencion\u00f3 luego a \u201clos propietarios de m\u00e1s de 1.000 hect\u00e1reas que son el tres por ciento de los que pagan el impuesto inmobiliario rural, hagan un aporte extraordinario para hacer frente a esta crisis&#8221;. Tambi\u00e9n se refiere &#8220;a los activos que ganan m\u00e1s de 75.000 pesos, y que la mayor\u00eda son funcionarios, hagan aporte extraordinario y solidario para la Caja de Jubilaciones&#8221;.<\/p>\n<p>Dicho esto, coment\u00f3 que Entre R\u00edos tiene una Caja provincial que tiene un 82 por ciento m\u00f3vil, &#8220;y lo seguir\u00e1 teniendo porque no se ver\u00e1 afectado, pero que la sustentabilidad de la misma se ve afectada tambi\u00e9n el contexto&#8221;.<\/p>\n<p>Ante los rechazos de ciertos sectores pol\u00edticos y sindicalistas al proyecto, Giano sostuvo que &#8220;es entendible y se comprende, pero seguramente este ley no es de ajuste y as\u00ed lo ha demostrado el gobernador en su gesti\u00f3n al nunca considerar una variable de ajuste al trabajador. No hubo despidos, no hay haberes que se recortan. Hay un aporte transitorio y progresivo a la Caja de Jubilaciones para aquellos salarios superiores a 75.000 pesos\u201d.<\/p>\n<p>Luego se refiri\u00f3 &#8220;al 85 por ciento de los trabajadores del Estado no tienen que aportar, s\u00ed el 15 por ciento que tiene el mayor nivel de ingreso. Se plantea en la ley este aporte solidario que en lo concreto para quien gana, por ejemplo, 100.000 pesos el aporte para la Caja de Jubilaciones es de 1.500 pesos, y el que percibe 76.000, hace lo propio con 1.000 pesos. Es lo que el funcionario o funcionaria tendr\u00e1 que aportar&#8221;, acot\u00f3.<\/p>\n<p>\u201cEs decir, la ley de emergencia est\u00e1 claramente justificada, solidaria en este caso, progresista, que los que m\u00e1s tienen capacidad contributiva y m\u00e1s dinero han ganado, como en el caso claramente de los bancos, las droguer\u00edas, los propietarios de m\u00e1s de mil hect\u00e1reas, puedan aportar en esta situaci\u00f3n ins\u00f3lita, inesperada, mientras dure la emergencia. Esto es transitorio, no estamos hablando de una ley que va a permanecer en el tiempo. Tiene un plazo establecido en el mismo texto proyectado\u201d, insisti\u00f3.<\/p>\n<p>Dicho esto, el legislador finalmente sostuvo: \u201cClaramente no hay un manual para transitar esta crisis sanitaria, no se sabe cu\u00e1ndo terminar\u00e1 la transmisi\u00f3n del virus, o cu\u00e1ndo habr\u00e1 una vacuna a un medicamento para hacer frente a esta situaci\u00f3n el coronavirus. Esto es algo que se ir\u00e1 resolviendo d\u00eda a d\u00eda, claramente esperando que podamos cuanto antes tener mayores certezas, mayor previsibilidad qu\u00e9 es lo que estamos atravesando ahora hace m\u00e1s de 100 d\u00edas\u201d.<\/p>\n","protected":false},"excerpt":{"rendered":"<p>A trav\u00e9s de una videoconferencia el gobernador Gustavo Bordet abord\u00f3 con diputados del oficialismo el proyecto de ley de emergencia solidaria que elev\u00f3 a la Legislatura &nbsp; &nbsp; Este proyecto es a ra\u00edz de la cr\u00edtica situaci\u00f3n econ\u00f3mica, la disminuci\u00f3n de recursos fiscales y la fuerte inversi\u00f3n que demanda la situaci\u00f3n sanitaria y social. \u201cLa ley de emergencia es claramente justificada. Es solidaria y progresista porque alcanza a los que tienen m\u00e1s capacidad contributiva y m\u00e1s dinero han ganado, como son los bancos, las droguer\u00edas y los propietarios de m\u00e1s&#8230;<\/p>\n","protected":false},"author":3,"featured_media":63584,"comment_status":"closed","ping_status":"closed","sticky":false,"template":"","format":"standard","meta":[],"categories":[9,15],"tags":[],"_links":{"self":[{"href":"https:\/\/www.actualidadadiario.com\/index.php\/wp-json\/wp\/v2\/posts\/63583"}],"collection":[{"href":"https:\/\/www.actualidadadiario.com\/index.php\/wp-json\/wp\/v2\/posts"}],"about":[{"href":"https:\/\/www.actualidadadiario.com\/index.php\/wp-json\/wp\/v2\/types\/post"}],"author":[{"embeddable":true,"href":"https:\/\/www.actualidadadiario.com\/index.php\/wp-json\/wp\/v2\/users\/3"}],"replies":[{"embeddable":true,"href":"https:\/\/www.actualidadadiario.com\/index.php\/wp-json\/wp\/v2\/comments?post=63583"}],"version-history":[{"count":1,"href":"https:\/\/www.actualidadadiario.com\/index.php\/wp-json\/wp\/v2\/posts\/63583\/revisions"}],"predecessor-version":[{"id":63585,"href":"https:\/\/www.actualidadadiario.com\/index.php\/wp-json\/wp\/v2\/posts\/63583\/revisions\/63585"}],"wp:featuredmedia":[{"embeddable":true,"href":"https:\/\/www.actualidadadiario.com\/index.php\/wp-json\/wp\/v2\/media\/63584"}],"wp:attachment":[{"href":"https:\/\/www.actualidadadiario.com\/index.php\/wp-json\/wp\/v2\/media?parent=63583"}],"wp:term":[{"taxonomy":"category","embeddable":true,"href":"https:\/\/www.actualidadadiario.com\/index.php\/wp-json\/wp\/v2\/categories?post=63583"},{"taxonomy":"post_tag","embeddable":true,"href":"https:\/\/www.actualidadadiario.com\/index.php\/wp-json\/wp\/v2\/tags?post=63583"}],"curies":[{"name":"wp","href":"https:\/\/api.w.org\/{rel}","templated":true}]}}