{"id":63575,"date":"2020-06-30T13:04:42","date_gmt":"2020-06-30T16:04:42","guid":{"rendered":"https:\/\/www.actualidadadiario.com\/?p=63575"},"modified":"2020-06-30T13:04:42","modified_gmt":"2020-06-30T16:04:42","slug":"cirque-du-soleil-se-declaro-en-quiebra-tras-el-cierre-obligado-por-la-pandemia","status":"publish","type":"post","link":"https:\/\/www.actualidadadiario.com\/index.php\/2020\/06\/30\/cirque-du-soleil-se-declaro-en-quiebra-tras-el-cierre-obligado-por-la-pandemia\/","title":{"rendered":"Cirque du Soleil se declar\u00f3 en quiebra tras el cierre obligado por la pandemia"},"content":{"rendered":"<p style=\"text-align: center;\"><em><strong>La ic\u00f3nica compa\u00f1\u00eda de entretenimiento con sede en Montreal (Canad\u00e1), Cirque du Soleil, se declar\u00f3 en quiebra tras meses de cierre debido a la pandemia de COVID-19<\/strong><\/em><\/p>\n<p>&nbsp;<\/p>\n<p>&nbsp;<\/p>\n<p>Cirque du Soleil, una de las instituciones m\u00e1s internacionales de Canad\u00e1 y la provincia de Quebec, se\u00f1al\u00f3 en un comunicado que ha solicitado al Tribunal Superior provincial su aprobaci\u00f3n para reestructurar la compa\u00f1\u00eda, que ya se encontraba en dificultades financieras antes de la aparici\u00f3n de la pandemia de la covid-19.<\/p>\n<p>Seg\u00fan la compa\u00f1\u00eda, los tres inversores del circo, la estadounidense TPG Capital, la china Fosun Capital Group y la instituci\u00f3n financiera Caisse de d\u00e9p\u00f4t et placement du Qu\u00e9bec, aportar\u00e1n 100 millones de d\u00f3lares mientras que el Gobierno de Quebec inyectar\u00e1 otros 200 millones.<\/p>\n<p>El fondo de inversiones TPG tiene un 55 % de propiedad de la compa\u00f1\u00eda, mientras que Fosun controla el 25 % y la entidad financiera Caisse de Depot et Placement du Quebec, el 20 % restante.<\/p>\n<p>&nbsp;<\/p>\n<p><strong>La compa\u00f1\u00eda despedir\u00e1 a 3.840 personas<\/strong><\/p>\n<p>La compa\u00f1\u00eda, que tiene su sede en la ciudad de Montreal, despedir\u00e1 tambi\u00e9n a unas 3.840 personas, y establecer\u00e1 dos fondos, por valor de 20 millones de d\u00f3lares para compensar a su personal y a los contratistas.<\/p>\n<p>El presidente y consejero delegado de Cirque du Soleil, Daniel Lamarre, declar\u00f3 que &#8220;durante los pasados 36 a\u00f1os, Cirque du Soleil ha sido una organizaci\u00f3n muy exitosa y rentable&#8221;. Sin embargo, &#8220;sin ingresos desde el cierre forzado&#8221; de todos sus espect\u00e1culos debido a la covid-19, la direcci\u00f3n &#8220;ha actuado de forma decisiva para proteger el futuro de la compa\u00f1\u00eda&#8221;.<\/p>\n<p>Cirque du Soleil tambi\u00e9n se\u00f1al\u00f3 que tiene &#8220;la intenci\u00f3n de volver a contratar una sustancial mayor\u00eda de los empleados despedidos cuando lo permitan las condiciones econ\u00f3micas, una vez que se cancelen los cierres obligatorios y se puedan reiniciar las operaciones&#8221;.<\/p>\n<p>&nbsp;<\/p>\n<p><strong>900 millones de d\u00f3lares de deuda<\/strong><\/p>\n<p>En marzo, Cirque du Soleil, que fue fundada en Montreal en 1984 y que hasta la aparici\u00f3n de la covid-19 operaba 44 espect\u00e1culos en todo el mundo, despidi\u00f3 a unas 4.680 personas, un 95 % de su personal, debido a la cancelaci\u00f3n de sus espect\u00e1culos y se enfrenta a la suspensi\u00f3n de pagos.<\/p>\n<p>La compa\u00f1\u00eda tiene una deuda de unos 900 millones de d\u00f3lares, fruto del acuerdo de 2015 valorado en 1.500 millones de d\u00f3lares por el que el fondo de inversiones estadounidense TPG se hizo con una participaci\u00f3n mayoritaria de la compa\u00f1\u00eda.<\/p>\n<p>El fundador de Cirque du Soleil, Guy Lalibert\u00e9, vendi\u00f3 en 2015 su participaci\u00f3n en la compa\u00f1\u00eda por unos 1.500 millones de d\u00f3lares.<\/p>\n<p>El proceso de quiebra establece que durante los pr\u00f3ximos 45 d\u00edas otras entidades pueden presentar ofertas por Cirque du Soleil y ser\u00e1 el Tribunal Superior de Quebec quien decida que oferta es la ganadora.<\/p>\n","protected":false},"excerpt":{"rendered":"<p>La ic\u00f3nica compa\u00f1\u00eda de entretenimiento con sede en Montreal (Canad\u00e1), Cirque du Soleil, se declar\u00f3 en quiebra tras meses de cierre debido a la pandemia de COVID-19 &nbsp; &nbsp; Cirque du Soleil, una de las instituciones m\u00e1s internacionales de Canad\u00e1 y la provincia de Quebec, se\u00f1al\u00f3 en un comunicado que ha solicitado al Tribunal Superior provincial su aprobaci\u00f3n para reestructurar la compa\u00f1\u00eda, que ya se encontraba en dificultades financieras antes de la aparici\u00f3n de la pandemia de la covid-19. Seg\u00fan la compa\u00f1\u00eda, los tres inversores del circo, la estadounidense TPG&#8230;<\/p>\n","protected":false},"author":3,"featured_media":63576,"comment_status":"closed","ping_status":"closed","sticky":false,"template":"","format":"standard","meta":[],"categories":[4],"tags":[],"_links":{"self":[{"href":"https:\/\/www.actualidadadiario.com\/index.php\/wp-json\/wp\/v2\/posts\/63575"}],"collection":[{"href":"https:\/\/www.actualidadadiario.com\/index.php\/wp-json\/wp\/v2\/posts"}],"about":[{"href":"https:\/\/www.actualidadadiario.com\/index.php\/wp-json\/wp\/v2\/types\/post"}],"author":[{"embeddable":true,"href":"https:\/\/www.actualidadadiario.com\/index.php\/wp-json\/wp\/v2\/users\/3"}],"replies":[{"embeddable":true,"href":"https:\/\/www.actualidadadiario.com\/index.php\/wp-json\/wp\/v2\/comments?post=63575"}],"version-history":[{"count":1,"href":"https:\/\/www.actualidadadiario.com\/index.php\/wp-json\/wp\/v2\/posts\/63575\/revisions"}],"predecessor-version":[{"id":63577,"href":"https:\/\/www.actualidadadiario.com\/index.php\/wp-json\/wp\/v2\/posts\/63575\/revisions\/63577"}],"wp:featuredmedia":[{"embeddable":true,"href":"https:\/\/www.actualidadadiario.com\/index.php\/wp-json\/wp\/v2\/media\/63576"}],"wp:attachment":[{"href":"https:\/\/www.actualidadadiario.com\/index.php\/wp-json\/wp\/v2\/media?parent=63575"}],"wp:term":[{"taxonomy":"category","embeddable":true,"href":"https:\/\/www.actualidadadiario.com\/index.php\/wp-json\/wp\/v2\/categories?post=63575"},{"taxonomy":"post_tag","embeddable":true,"href":"https:\/\/www.actualidadadiario.com\/index.php\/wp-json\/wp\/v2\/tags?post=63575"}],"curies":[{"name":"wp","href":"https:\/\/api.w.org\/{rel}","templated":true}]}}