{"id":63572,"date":"2020-06-30T13:03:50","date_gmt":"2020-06-30T16:03:50","guid":{"rendered":"https:\/\/www.actualidadadiario.com\/?p=63572"},"modified":"2020-06-30T13:03:50","modified_gmt":"2020-06-30T16:03:50","slug":"mercedes-tine-sus-autos-de-negro-para-condenar-el-racismo","status":"publish","type":"post","link":"https:\/\/www.actualidadadiario.com\/index.php\/2020\/06\/30\/mercedes-tine-sus-autos-de-negro-para-condenar-el-racismo\/","title":{"rendered":"Mercedes ti\u00f1e sus autos de negro para condenar el racismo"},"content":{"rendered":"<p style=\"text-align: center;\"><em><strong>La escuder\u00eda Mercedes de F\u00f3rmula Uno anunci\u00f3 este lunes que sus veh\u00edculos pasaran a ser de color negro durante esta temporada, en una declaraci\u00f3n &#8220;contra el racismo y la discriminaci\u00f3n en todas sus formas&#8221;. As\u00ed, cambiar\u00e1 moment\u00e1neamente el emblem\u00e1tico tono plateado que inmortalizara Juan Manuel Fangio en la d\u00e9cada del &#8217;50<\/strong><\/em><\/p>\n<p>&nbsp;<\/p>\n<p>&nbsp;<\/p>\n<p>La base de los coches del brit\u00e1nico Lewis Hamilton, s\u00e9xtuple campe\u00f3n de la categor\u00eda, y del finland\u00e9s Valtteri Bottas ser\u00e1 totalmente negra, uni\u00e9ndose al movimiento &#8220;Black Lives Matter&#8221; que llev\u00f3 adelante las protestas contra la violencia institucional y el racismo en Estados Unidos tras la violenta muerte por asfixia del afroamericano George Floyd a manos de la polic\u00eda.<\/p>\n<p>&#8220;Este movimiento nos ha hecho ver que necesitamos nuevas medidas y acciones en la lucha contra el racismo y contra todas las formas de discriminaci\u00f3n. Como equipo, hemos utilizado las \u00faltimas semanas para escuchar las perspectivas de los miembros de nuestro equipo, para aprender y para reflexionar sobre c\u00f3mo es nuestro equipo hoy y c\u00f3mo queremos que sea en el futuro&#8221;, explic\u00f3 Mercedes en un comunicado.<\/p>\n<p>El equipo automovil\u00edstico expuso a modo de autocr\u00edtica que s\u00f3lo el 3 por ciento de sus trabajadores se identifican con un grupo \u00e9tnico minoritario y s\u00f3lo el 12 por ciento son mujeres. &#8220;Esta falta de diversidad muestra que necesitamos encontrar nuevos enfoques para atraer talento de muchas \u00e1reas de la sociedad que actualmente no alcanzamos. Sabemos que nuestro equipo ser\u00e1 m\u00e1s fuerte si podemos atraer talentos del grupo m\u00e1s amplio posible y estamos comprometidos a lograr esto a trav\u00e9s de una acci\u00f3n positiva&#8221;, apuntaron.<\/p>\n<p>La gran estrella del equipo y \u00fanico piloto negro de la F\u00f3rmula 1, el afrobrit\u00e1nico Lewis Hamilton, fue part\u00edcipe de las protestas realizadas en Londres contra el racismo en las \u00faltimas semanas. &#8220;Yo he experimentado personalmente el racismo y vi a mi familia y amigos experimentar racismo. Estoy hablando desde el coraz\u00f3n cuando pido un cambio&#8221;, expuso el vigente tricampe\u00f3n del certamen.<\/p>\n<p>&#8220;Me gustar\u00eda agradecer enormemente a Toto (Wolff, director del equipo) y a la Junta de Mercedes por tomarse el tiempo para escuchar, hablar y comprender realmente mis experiencias y mi pasi\u00f3n y por hacer esta importante declaraci\u00f3n de que estamos dispuestos a cambiar, mejorar y construir un legado que vaya m\u00e1s all\u00e1 del deporte. Podemos ser los l\u00edderes y comenzar a construir m\u00e1s diversidad dentro de nuestro propio negocio. Eso enviar\u00e1 un mensaje tan fuerte que dar\u00e1 a otros la confianza para comenzar un di\u00e1logo sobre c\u00f3mo pueden implementar el cambio&#8221;, afirm\u00f3 Hamilton.<\/p>\n<p>Por su parte, Bottas lament\u00f3 que en la F\u00f3rmula 1 todav\u00eda existan &#8220;barreras para las personas que provienen de entornos que tradicionalmente no han sido parte del deporte&#8221;. &#8220;El racismo y la discriminaci\u00f3n no tienen lugar en nuestro deporte o en nuestra sociedad y estoy orgulloso de estar con el equipo, con Lewis y con Mercedes-Benz al hacer esta importante declaraci\u00f3n&#8221;, remarc\u00f3.<\/p>\n","protected":false},"excerpt":{"rendered":"<p>La escuder\u00eda Mercedes de F\u00f3rmula Uno anunci\u00f3 este lunes que sus veh\u00edculos pasaran a ser de color negro durante esta temporada, en una declaraci\u00f3n &#8220;contra el racismo y la discriminaci\u00f3n en todas sus formas&#8221;. As\u00ed, cambiar\u00e1 moment\u00e1neamente el emblem\u00e1tico tono plateado que inmortalizara Juan Manuel Fangio en la d\u00e9cada del &#8217;50 &nbsp; &nbsp; La base de los coches del brit\u00e1nico Lewis Hamilton, s\u00e9xtuple campe\u00f3n de la categor\u00eda, y del finland\u00e9s Valtteri Bottas ser\u00e1 totalmente negra, uni\u00e9ndose al movimiento &#8220;Black Lives Matter&#8221; que llev\u00f3 adelante las protestas contra la violencia institucional&#8230;<\/p>\n","protected":false},"author":3,"featured_media":63573,"comment_status":"closed","ping_status":"closed","sticky":false,"template":"","format":"standard","meta":[],"categories":[4],"tags":[],"_links":{"self":[{"href":"https:\/\/www.actualidadadiario.com\/index.php\/wp-json\/wp\/v2\/posts\/63572"}],"collection":[{"href":"https:\/\/www.actualidadadiario.com\/index.php\/wp-json\/wp\/v2\/posts"}],"about":[{"href":"https:\/\/www.actualidadadiario.com\/index.php\/wp-json\/wp\/v2\/types\/post"}],"author":[{"embeddable":true,"href":"https:\/\/www.actualidadadiario.com\/index.php\/wp-json\/wp\/v2\/users\/3"}],"replies":[{"embeddable":true,"href":"https:\/\/www.actualidadadiario.com\/index.php\/wp-json\/wp\/v2\/comments?post=63572"}],"version-history":[{"count":1,"href":"https:\/\/www.actualidadadiario.com\/index.php\/wp-json\/wp\/v2\/posts\/63572\/revisions"}],"predecessor-version":[{"id":63574,"href":"https:\/\/www.actualidadadiario.com\/index.php\/wp-json\/wp\/v2\/posts\/63572\/revisions\/63574"}],"wp:featuredmedia":[{"embeddable":true,"href":"https:\/\/www.actualidadadiario.com\/index.php\/wp-json\/wp\/v2\/media\/63573"}],"wp:attachment":[{"href":"https:\/\/www.actualidadadiario.com\/index.php\/wp-json\/wp\/v2\/media?parent=63572"}],"wp:term":[{"taxonomy":"category","embeddable":true,"href":"https:\/\/www.actualidadadiario.com\/index.php\/wp-json\/wp\/v2\/categories?post=63572"},{"taxonomy":"post_tag","embeddable":true,"href":"https:\/\/www.actualidadadiario.com\/index.php\/wp-json\/wp\/v2\/tags?post=63572"}],"curies":[{"name":"wp","href":"https:\/\/api.w.org\/{rel}","templated":true}]}}