{"id":63564,"date":"2020-06-30T13:01:17","date_gmt":"2020-06-30T16:01:17","guid":{"rendered":"https:\/\/www.actualidadadiario.com\/?p=63564"},"modified":"2020-06-30T13:01:17","modified_gmt":"2020-06-30T16:01:17","slug":"brasilia-decreta-el-estado-de-calamidad-ante-brote-de-casos-tras-haber-flexibilizado-la-cuarentena","status":"publish","type":"post","link":"https:\/\/www.actualidadadiario.com\/index.php\/2020\/06\/30\/brasilia-decreta-el-estado-de-calamidad-ante-brote-de-casos-tras-haber-flexibilizado-la-cuarentena\/","title":{"rendered":"Brasilia decreta el estado de calamidad ante brote de casos tras haber flexibilizado la cuarentena"},"content":{"rendered":"<p style=\"text-align: center;\"><em><strong>La capital brasile\u00f1a tiene 2,5 millones de habitantes y se registraron 501 muertes y 44.905 casos; en la \u00faltima semana se dispar\u00f3 a casi el 80% la ocupaci\u00f3n en los hospitales privados<\/strong><\/em><\/p>\n<p>&nbsp;<\/p>\n<p>&nbsp;<\/p>\n<p>La capital de Brasil, Brasilia, declar\u00f3 este lunes el estado de calamidad p\u00fablica por causa de la evoluci\u00f3n de los casos de coronavirus luego de haber abierto parte de la actividad econ\u00f3mica en mayo, en un movimiento que contrasta la flexibilizaci\u00f3n que se registra en las ciudades con m\u00e1s decesos acumulados, como San Pablo y R\u00edo de Janeiro.<\/p>\n<p>El decreto del gobernador Iban\u00e9s Rocha, del Movimiento de la Democracia Brasile\u00f1a (centroderecha) tiene que ver con las capacidades de endeudarse y de recibir fondos del gobierno central de Jair Bolsonaro, pero tambi\u00e9n tiene razones m\u00e9dicas debido al avance de los contagios de las \u00faltimas semanas.<\/p>\n<p>En Brasilia, que tiene 2,5 millones de habitantes, se registraron 44.905 casos y 501 muertes, siendo que la \u00faltima semana se dispar\u00f3 a casi el 80% la ocupaci\u00f3n en los hospitales privados.<\/p>\n<p>En la vecina Goi\u00e1s, el gobiernador derechista Ronaldo Caiado, ruralista y m\u00e9dico, sugiri\u00f3 el lockdown (bloqueo total) a 14 municipios de ese estado del centro de Brasil vecino a Brasilia.<\/p>\n<p>El Ministerio de Salud y las secretar\u00edas estaduales, enfrentadas desde el inicio de la pandemia por las diferencias de abordaje de Bolsonaro y los gobernadores, coinciden en que actualmente la pandemia est\u00e1 brotando en los interiores de los estados y no s\u00f3lo en las urbes.<\/p>\n<p>El estado de San Pablo, el principal foco de la Covid-19 en Brasil, registr\u00f3 la semana que pas\u00f3 144 muertes menos en relaci\u00f3n a la anterior pero mantiene bloqueadas las actividades en siete ciudades del interior, como Ribeirao Preto y Marilia.<\/p>\n<p>Al contrario, prepara el regreso a clases presenciales con apenas el 35% de ocupaci\u00f3n de aulas para el 8 de septiembre y para el pr\u00f3ximo lunes la reapertura de los bares y restaurantes en la ciudad de San Pablo, la mayor urbe de Am\u00e9rica Latina.<\/p>\n<p>El gobernador paulista, Joao Doria, anunci\u00f3 este lunes multas de 100 d\u00f3lares a quien no use m\u00e1scara en la v\u00eda p\u00fablica y de 1.000 d\u00f3lares a los establecimientos que permitan personas en su interior sin la protecci\u00f3n.<\/p>\n<p>San Pablo tiene una poblaci\u00f3n similar a la Argentina, 46 millones, y acumula 271.737 casos y 14.338 muertes, y viene aplicando medidas restrictivas por regi\u00f3n y actividad desde el 24 de marzo, cuando se implement\u00f3 la llamada cuarentena.<\/p>\n<p>Brasil super\u00f3 los 57.000 fallecidos ayer, cuando se jug\u00f3 la segunda jornada del campeonato carioca en R\u00edo de Janeiro, con protesta de los jugadores del Botafogo que golearon a Cabofriense.<\/p>\n<p>Con la reducci\u00f3n de fallecidos en la ciudad maravillosa, el alcalde Marcelo Crivella anunci\u00f3 que el 10 de julio se permitir\u00e1 p\u00fablico en los estadios, pero al 40 por ciento de su capacidad, una medida calificada de &#8220;genocida&#8221; por varios dirigentes que se oponen a esta jugada del bolsonarista jefe municipal y la dirigencia de Flamengo, el club m\u00e1s poderoso del pa\u00eds.<\/p>\n<p>En el marco nacional, el Tribunal de Cuentas de la Uni\u00f3n denunci\u00f3 fraude en el auxilio de emergencia para m\u00e1s de 57 millones de brasile\u00f1os pagados por el gobierno federal: tres cuotas de 120 d\u00f3lares para los trabajadores informales, los m\u00e1s afectados por la pandemia.<\/p>\n<p>El gobierno hab\u00eda ofrecido 36 d\u00f3lares pero el Congreso lo aument\u00f3 a 120.<\/p>\n<p>Como en las encuestas este electorado m\u00e1s pobre ha subido en apoyo hacia el presidente, el gobierno pretende otorgar montos menores por otros tres meses.<\/p>\n<p>De cara a 2022, seg\u00fan la prensa local, a\u00f1o de la reelecci\u00f3n, Bolsonaro espera haber sustituido con el Renta Brasil -como lo quiere llamar el equipo econ\u00f3mico- al programa Bolsa Familia (Beca Familia), que es identificado por las clases bajas con las pol\u00edticas del opositor Partido de los Trabajadores de los ex presidentes Luiz In\u00e1cio Lula da Silva (2003-2010) y Dilma Rousseff (2011-2016).<\/p>\n<p>En ese marco, tambi\u00e9n destaca la noticia de que m\u00e1s de 620.000 personas recibieron en forma fraudulenta el auxilio de emergencia que aprob\u00f3 el Congreso y otorga el gobierno federal de 120 d\u00f3lares mensuales destinados a los trabajadores informales que no tuvieron c\u00f3mo sustentarse en la pandemia, seg\u00fan denunci\u00f3 TV Globo.<\/p>\n<p>El Tribunal de Cuentas de la Uni\u00f3n (TCU) de Brasil ha detectado este fraude millonario en el primer pago de la ayuda de emergencia aprobada por el gobierno para las personas y hogares m\u00e1s afectados por la crisis econ\u00f3mica derivada de la pandemia.<\/p>\n<p>El informe preliminar del TCU sobre el primer pago del mes de abril revela que se entregaron 35.800 millones de reales (unos 6.570 millones de d\u00f3lares) a m\u00e1s de 50 millones de personas, entre ellas 620.000 que en realidad no cumpl\u00edan los criterios para ello.<\/p>\n<p>Entre los receptores de esta ayuda federal hay 17.084 fallecidos y 15.850 personas con rentas superiores al umbral m\u00e1ximo fijado para recibir este subsidio, incluidos millonarios, as\u00ed como familiares de pol\u00edticos y hasta pr\u00f3fugos de la justicia, de acuerdo con el portal de noticias G1.<\/p>\n<p>La procuradura Zelia Luiza Pierdona explic\u00f3 que en estas &#8220;irregularidades&#8221; han identificado a personas que recibieron el pago sin haberlo solicitado, lo cual se resolver\u00e1 mediante una devoluci\u00f3n, pero tambi\u00e9n &#8220;fraudes&#8221;.<\/p>\n<p>Por lo pronto, unas 47.700 personas que no cumpl\u00edan los criterios establecidos ya han devuelto el dinero, con lo que las arcas p\u00fablicas han recuperado unos 40 millones de reales.<\/p>\n<p>El pa\u00eds acumulaba 1.368.168 casos confirmados de coronavirus (24.052 en las \u00faltimas 24 horas), de los cuales 58.314 personas murieron (692 en el \u00faltimo d\u00eda) y 757.462 ya se curaron tras haberse infectado, inform\u00f3 esta noche el Ministerio de Salud.<\/p>\n","protected":false},"excerpt":{"rendered":"<p>La capital brasile\u00f1a tiene 2,5 millones de habitantes y se registraron 501 muertes y 44.905 casos; en la \u00faltima semana se dispar\u00f3 a casi el 80% la ocupaci\u00f3n en los hospitales privados &nbsp; &nbsp; La capital de Brasil, Brasilia, declar\u00f3 este lunes el estado de calamidad p\u00fablica por causa de la evoluci\u00f3n de los casos de coronavirus luego de haber abierto parte de la actividad econ\u00f3mica en mayo, en un movimiento que contrasta la flexibilizaci\u00f3n que se registra en las ciudades con m\u00e1s decesos acumulados, como San Pablo y R\u00edo&#8230;<\/p>\n","protected":false},"author":3,"featured_media":63565,"comment_status":"closed","ping_status":"closed","sticky":false,"template":"","format":"standard","meta":[],"categories":[4],"tags":[],"_links":{"self":[{"href":"https:\/\/www.actualidadadiario.com\/index.php\/wp-json\/wp\/v2\/posts\/63564"}],"collection":[{"href":"https:\/\/www.actualidadadiario.com\/index.php\/wp-json\/wp\/v2\/posts"}],"about":[{"href":"https:\/\/www.actualidadadiario.com\/index.php\/wp-json\/wp\/v2\/types\/post"}],"author":[{"embeddable":true,"href":"https:\/\/www.actualidadadiario.com\/index.php\/wp-json\/wp\/v2\/users\/3"}],"replies":[{"embeddable":true,"href":"https:\/\/www.actualidadadiario.com\/index.php\/wp-json\/wp\/v2\/comments?post=63564"}],"version-history":[{"count":1,"href":"https:\/\/www.actualidadadiario.com\/index.php\/wp-json\/wp\/v2\/posts\/63564\/revisions"}],"predecessor-version":[{"id":63566,"href":"https:\/\/www.actualidadadiario.com\/index.php\/wp-json\/wp\/v2\/posts\/63564\/revisions\/63566"}],"wp:featuredmedia":[{"embeddable":true,"href":"https:\/\/www.actualidadadiario.com\/index.php\/wp-json\/wp\/v2\/media\/63565"}],"wp:attachment":[{"href":"https:\/\/www.actualidadadiario.com\/index.php\/wp-json\/wp\/v2\/media?parent=63564"}],"wp:term":[{"taxonomy":"category","embeddable":true,"href":"https:\/\/www.actualidadadiario.com\/index.php\/wp-json\/wp\/v2\/categories?post=63564"},{"taxonomy":"post_tag","embeddable":true,"href":"https:\/\/www.actualidadadiario.com\/index.php\/wp-json\/wp\/v2\/tags?post=63564"}],"curies":[{"name":"wp","href":"https:\/\/api.w.org\/{rel}","templated":true}]}}