{"id":63552,"date":"2020-06-30T12:57:47","date_gmt":"2020-06-30T15:57:47","guid":{"rendered":"https:\/\/www.actualidadadiario.com\/?p=63552"},"modified":"2020-06-30T12:57:47","modified_gmt":"2020-06-30T15:57:47","slug":"caamano-cambio-el-nombre-de-la-historica-sede-de-la-afi-dejara-de-llamarse-martinez-de-hoz","status":"publish","type":"post","link":"https:\/\/www.actualidadadiario.com\/index.php\/2020\/06\/30\/caamano-cambio-el-nombre-de-la-historica-sede-de-la-afi-dejara-de-llamarse-martinez-de-hoz\/","title":{"rendered":"Caama\u00f1o cambi\u00f3 el nombre de la hist\u00f3rica sede de la AFI: dejar\u00e1 de llamarse &#8220;Mart\u00ednez de Hoz&#8221;"},"content":{"rendered":"<p style=\"text-align: center;\"><em><strong>La interventora de la AFI dispuso que el edificio pase a llamarse &#8220;Jos\u00e9 Hern\u00e1ndez&#8221;<\/strong><\/em><\/p>\n<p>&nbsp;<\/p>\n<p>&nbsp;<\/p>\n<p>La interventora de la Agencia Federal de Inteligencia (AFI), Cristina Caama\u00f1o, modific\u00f3 el nombre de la hist\u00f3rica sede del organismo esp\u00eda, que dejar\u00e1 de llamarse &#8220;Mart\u00ednez de Hoz&#8221;.<\/p>\n<p>A trav\u00e9s de la Resoluci\u00f3n 902\/2020, publicada este martes en el Bolet\u00edn Oficial, la funcionaria nacional estableci\u00f3 el cambio de denominaci\u00f3n del edificio ubicado en 25 de Mayo 11, a escasos metros de la Casa Rosada.<\/p>\n<p>&#8220;Disponer el cambio de nombre del edificio sito en la calle 25 de mayo 11 `Mart\u00ednez de Hoz\u00b4 por el de `Jos\u00e9 Hern\u00e1ndez\u00b4&#8221;, sostiene el \u00fanico art\u00edculo de la norma.<\/p>\n<p>Al justificar la raz\u00f3n de la modificaci\u00f3n, Caama\u00f1o explic\u00f3 que &#8220;el origen de la riqueza familiar de los Mart\u00ednez de Hoz se remonta los albores de la lucha por la Independencia nacional, cuando Jos\u00e9 Mart\u00ednez de Hoz amas\u00f3 un capital a partir de negocios relacionados con el tr\u00e1fico de personas destinadas a la esclavitud, cuyas ganancias permitieron la adquisici\u00f3n de las primeras hect\u00e1reas ubicadas en el sur de la Provincia de Buenos Aires&#8221;.<\/p>\n","protected":false},"excerpt":{"rendered":"<p>La interventora de la AFI dispuso que el edificio pase a llamarse &#8220;Jos\u00e9 Hern\u00e1ndez&#8221; &nbsp; &nbsp; La interventora de la Agencia Federal de Inteligencia (AFI), Cristina Caama\u00f1o, modific\u00f3 el nombre de la hist\u00f3rica sede del organismo esp\u00eda, que dejar\u00e1 de llamarse &#8220;Mart\u00ednez de Hoz&#8221;. A trav\u00e9s de la Resoluci\u00f3n 902\/2020, publicada este martes en el Bolet\u00edn Oficial, la funcionaria nacional estableci\u00f3 el cambio de denominaci\u00f3n del edificio ubicado en 25 de Mayo 11, a escasos metros de la Casa Rosada. &#8220;Disponer el cambio de nombre del edificio sito en la&#8230;<\/p>\n","protected":false},"author":3,"featured_media":63553,"comment_status":"closed","ping_status":"closed","sticky":false,"template":"","format":"standard","meta":[],"categories":[18],"tags":[],"_links":{"self":[{"href":"https:\/\/www.actualidadadiario.com\/index.php\/wp-json\/wp\/v2\/posts\/63552"}],"collection":[{"href":"https:\/\/www.actualidadadiario.com\/index.php\/wp-json\/wp\/v2\/posts"}],"about":[{"href":"https:\/\/www.actualidadadiario.com\/index.php\/wp-json\/wp\/v2\/types\/post"}],"author":[{"embeddable":true,"href":"https:\/\/www.actualidadadiario.com\/index.php\/wp-json\/wp\/v2\/users\/3"}],"replies":[{"embeddable":true,"href":"https:\/\/www.actualidadadiario.com\/index.php\/wp-json\/wp\/v2\/comments?post=63552"}],"version-history":[{"count":1,"href":"https:\/\/www.actualidadadiario.com\/index.php\/wp-json\/wp\/v2\/posts\/63552\/revisions"}],"predecessor-version":[{"id":63554,"href":"https:\/\/www.actualidadadiario.com\/index.php\/wp-json\/wp\/v2\/posts\/63552\/revisions\/63554"}],"wp:featuredmedia":[{"embeddable":true,"href":"https:\/\/www.actualidadadiario.com\/index.php\/wp-json\/wp\/v2\/media\/63553"}],"wp:attachment":[{"href":"https:\/\/www.actualidadadiario.com\/index.php\/wp-json\/wp\/v2\/media?parent=63552"}],"wp:term":[{"taxonomy":"category","embeddable":true,"href":"https:\/\/www.actualidadadiario.com\/index.php\/wp-json\/wp\/v2\/categories?post=63552"},{"taxonomy":"post_tag","embeddable":true,"href":"https:\/\/www.actualidadadiario.com\/index.php\/wp-json\/wp\/v2\/tags?post=63552"}],"curies":[{"name":"wp","href":"https:\/\/api.w.org\/{rel}","templated":true}]}}