{"id":63545,"date":"2020-06-30T12:56:05","date_gmt":"2020-06-30T15:56:05","guid":{"rendered":"https:\/\/www.actualidadadiario.com\/?p=63545"},"modified":"2020-06-30T12:56:05","modified_gmt":"2020-06-30T15:56:05","slug":"aislan-a-los-diputados-de-cambiemos-y-los-medicos-les-piden-que-desistan-de-las-sesiones-presenciales","status":"publish","type":"post","link":"https:\/\/www.actualidadadiario.com\/index.php\/2020\/06\/30\/aislan-a-los-diputados-de-cambiemos-y-los-medicos-les-piden-que-desistan-de-las-sesiones-presenciales\/","title":{"rendered":"A\u00edslan a los diputados de Cambiemos y los m\u00e9dicos les piden que desistan de las sesiones presenciales"},"content":{"rendered":"<p style=\"text-align: center;\"><em><strong>&#8220;Hay que evitarlas por el riesgo de transmisi\u00f3n viral&#8221;, reclam\u00f3 el m\u00e9dico de Diputados, despu\u00e9s de un positivo de Covid en el PRO. Iglesias igual quiere reunir a una comisi\u00f3n en el anexo<\/strong><\/em><\/p>\n<p>&nbsp;<\/p>\n<p>&nbsp;<\/p>\n<p>El contagio de Covid 19 del diputado del PRO, Julio Sahad, complic\u00f3 las negociaciones que empezaban esta semana para renovar el protocolo de sesiones remotas en el Congreso y podr\u00eda obligar a Cambiemos a replantear su estrategia.<\/p>\n<p>El m\u00e9dico de la C\u00e1mara de Diputados, Macelo Halak, pidi\u00f3 restringir las reuniones presenciales y, si es posible, acotar los debates a las teleconferencias que animaron las comisiones. En el recinto se aplic\u00f3 un sistema mixto, con 40 diputados en sus bancas y Sahad ocup\u00f3 una de ellas el jueves.<\/p>\n<p>&#8220;Se insiste en la recomendaci\u00f3n de evitar en la medida de lo posible las reuniones presenciales por el riesgo de transmisi\u00f3n viral que implican&#8221;, firm\u00f3 Halak y el secretario administrativo Rodrigo Rodr\u00edguez.<\/p>\n<p>Informaron adem\u00e1s que dise\u00f1aron &#8220;un nuevo mapa epidemiol\u00f3gico, identific\u00e1ndose los contactos estrechos&#8221; y una desinfecci\u00f3n en las zonas que transitaron los diputados: el sal\u00f3n Delia Parodi, Pasos perdidos, Baja Recinto, Recinto, Bares y Ba\u00f1os. El Senado hizo lo propio en el palacio y el Anexo, donde el viernes se reuni\u00f3 la bicameral de fiscalizaci\u00f3n de organismos de inteligencia.<\/p>\n<p>&#8220;No tengo s\u00edntomas, estoy cumpliendo con el aislamiento. Gracias por sus mensajes. Les comunicar\u00e9 apenas tenga el resultado&#8221;, inform\u00f3 en Twitter el jefe de bloque del PRO, Cristian Ritondo, antes de hacerse su hisopado. Lo imitar\u00e1n sus pares Silvia Lospennato, Facundo Suarez Lastra, el mendocino aliado Jos\u00e9 Luis Ramon y Romina del Pl\u00e1, de izquierda. Son los que aparecen en situaciones de riego, en el rastreo gr\u00e1fico y televisivo de la sesi\u00f3n. El jefe del interbloque Mario Negri no fue y evit\u00f3 la cuarentena estricta.<\/p>\n<p>Se considera como contacto estrecho a quien permanece 15 minutos cerca de una persona contagiada, comparte utensilios o no respeta la distancia social de dos metros. Aunque haya muchas bancas vac\u00edas, los espacios comunes del hemiciclo son estrechos y es casi imposible no rozarse.\u00a0 &#8220;Es menester remarcar que las personas identificadas en este n\u00facleo de contactos estrechos deben guardar aislamiento hasta cumplir catorce d\u00edas desde el contacto&#8221;,\u00a0 pidi\u00f3 Halak.<\/p>\n<p>Tambi\u00e9n pas\u00f3 cerca del diputado contagiado el ultra macrista Fernando Iglesias, cuando se fue enojado del recinto porque Sergio Massa no lo dej\u00f3 plantear una cuesti\u00f3n de privilegio para defender a Macri de los cuestionamientos de Gabriela Cerruti. Si bien inform\u00f3 que este martes se har\u00eda el hisopado, mantuvo su idea de realizar sesiones presenciales.<\/p>\n<p>&#8220;Si 46 diputados pueden estar presentes en un recinto de 257 butacas (1\/5.6), como decidi\u00f3 Massa, no se entiende por qu\u00e9 257 diputados no puedan sesionar presencialmente en el Teatro Col\u00f3n o alg\u00fan polideportivo provincial que tiene 2500 plazas&#8221;, insisti\u00f3, sin detenerse a pensar que las zonas compartidas, pasillos, escaleras y dem\u00e1s lugares de ingreso y salida de los espacios grandes son las m\u00e1s peligrosas. Por caso, Del Pl\u00e1 ni conoce a Sahad pero se cruzaron varias veces, seg\u00fan registraron las c\u00e1maras de Diputados.<\/p>\n<p>Tan obcecado est\u00e1 Iglesias en su idea de poner el cuerpo que en la tarde de este lunes manten\u00eda el pedido de una sala para reunir a la Comisi\u00f3n de Mercosur con los diputados en sus bancas. Como hay un protocolo vigente fue necesario un comunicado de la Asociaci\u00f3n de Personal Legislativo (APL) para hacerlo entrar en raz\u00f3n del riesgo para la salud p\u00fablica que entra\u00f1a su pedido.<\/p>\n<p>&#8220;Nos vemos obligados a rechazar esta idea y cualquier otra disposici\u00f3n en la que se exponga la salud y el bienestar f\u00edsico de las trabajadoras y los trabajadores legislativos&#8221;, firm\u00f3 el presidente del gremio, Norberto Di Pr\u00f3spero, titulado &#8220;Priorizar la salud y respetar nuestros derechos&#8221;.<\/p>\n<p>Por la noche, el propio Sahad, desde la cuarentena que cumple en La Rioja, mantuvo su postura de que hay que estar presente de manera f\u00edsica en las sesiones. &#8220;Sigo sosteniendo lo mismo: hab\u00eda un acuerdo para tratar temas referidos a Covid, porque el sistema no resiste para largos debates&#8221;, dijo al canal DiputadosTV, desde el hotel en el que est\u00e1 recluido.<\/p>\n<p>En realidad, intentan que las sesiones duren seis horas pero el jueves se extendi\u00f3 casi diez. A\u00fan acotada, la presencia de 40 diputados con sus asesores empieza a incrementar el riesgo ante la aparici\u00f3n de contagios. Ya est\u00e1n infectados los diputados Walter Correa y Federico Fagioli del oficialismo, aunque ambos lo supieron semanas despu\u00e9s de participar en la sesiones. Y al menos dos empleados informaron que dieron positivo.<\/p>\n<p>Este lunes, adem\u00e1s, se supo que una empleada de seguridad del Senado con Covid 19. Es asintom\u00e1tica pero estuvo con varios compa\u00f1eros en la sesi\u00f3n del mi\u00e9rcoles y todos fueron testeados. No tuvo contactos con senadores.<\/p>\n<p>En Cambiemos predomina la idea de que si siguen las sesiones remotas se acoten a temarios acordados por unanimidad y algunos exigen reuniones presenciales para tratar las leyes m\u00e1s conflictivas.<\/p>\n<p>En el Senado propon\u00edan para la nueva etapa usar el recinto de Diputados, donde los 72 miembros no son muchos menos que los que habitualmente caminan durante las \u00faltimas reuniones. El sistema mixto que funciona en esa C\u00e1mara autoriza a ocupar 40 bancas y algunos asesores y empleados que circulan por los pasillos.<\/p>\n<p>El radical Mario Negri y Ritondo lograron que en sesiones remotas no se debatieran leyes sin acuerdo y anticiparon que no permitir\u00e1n que ocurra en la etapa que viene. &#8220;No es una \u00e9poca para tratar temas que dividan&#8221;, sostuvo el jueves Ritondo.<\/p>\n<p>Este martes, las autoridades legislativas de Cambiemos se reunir\u00edan en teleconferencia para definir una estrategia de sesi\u00f3n. El \u00fanico acuerdo, por ahora, es unificar la propuesta para ambas C\u00e1maras donde los protocolos tienen algunas diferencias.<\/p>\n<p>En Diputados venci\u00f3 el pasado viernes, no limitaba los temarios a proyectos de Covid 19 pero aun as\u00ed se sigui\u00f3 esa l\u00ednea. En el Senado s\u00ed exist\u00eda esa restricci\u00f3n, pero no se cumpli\u00f3: se trataron varios temas ajenos a la pandemia como los decretos de Macri que transfirieron las escuchas judiciales desde la Procuraci\u00f3n a la Corte, la bicameral para investigar el cr\u00e9dito del Banco Naci\u00f3n a Vicentin o un proyecto de Oscar Parrilli para restringir la creaci\u00f3n de las sociedades de acci\u00f3n simplificadas (SAS).<\/p>\n<p>En esos debates el oficialismo de la C\u00e1mara alta consolid\u00f3 su mayor\u00eda y pretende imponerla para que todo siga igual. El protocolo vence el 4 de julio y si Cambiemos se empe\u00f1a en pedir temarios restringidos, Cristina Kirchner firmar\u00eda su pr\u00f3rroga por decreto, con la certeza de que las votaciones remotas son v\u00e1lidas, seg\u00fan dispuso la Corte ante su pedido de declaraci\u00f3n de certeza.<\/p>\n<p>&#8220;Vamos a seguir as\u00ed lo que sea necesario. Se pudo debatir en comisi\u00f3n, dictaminar, sesionar y votar&#8221;, ratificaron a LPO desde el bloque oficialista. Y negaron que Cristina no le haya dado la palabra al jefe de bloque Luis Naidenoff antes la votaci\u00f3n, como denunci\u00f3 Cambiemos. &#8220;Nunca la pidi\u00f3. Como lo retaron tuite\u00f3 que hab\u00edan apagado los micr\u00f3fonos. Pero sabe que es falso. Podr\u00eda haber interrumpido para pedir la palabra y no lo hizo, porque se olvid\u00f3&#8221;, agregaron las fuentes consultadas.<\/p>\n<p>Las denuncias de Cambiemos sobre apagones de micr\u00f3fonos se ven\u00edan sucediendo en las comisiones del Senado, en la que no faltaron acaloradas discusiones como las del radical Mart\u00edn Lousteau con los peronistas Carlos Caserio y Jos\u00e9 Mayans.<\/p>\n<p>En el Senado las sesiones s\u00f3lo tuvieron la presencia de los vicepresidentes: Claudia Ledesma y Maurice Closs, del oficialismo; Mart\u00edn Lousteau y Laura Rodr\u00edguez Machado, de la UCR y el PRO. Mayans y su vice Anabel Fern\u00e1ndez Sagasti rechazaron las sesiones mixtas, que en Diputados fueron la \u00fanica alternativa que tuvieron Massa y M\u00e1ximo Kirchner para reabrir el recinto.<\/p>\n<p>Halak pidi\u00f3 revisarla y el primer paso ser\u00eda una teleconferencia de jefes de bloque que Massa programa para este martes o mi\u00e9rcoles, cuando se sepa si hay m\u00e1s diputados infectados.\u00a0 Una opci\u00f3n que podr\u00eda proponer la oposici\u00f3n es que s\u00f3lo se renueven los protocolos para las comisiones as\u00ed al menos no se demoran los dict\u00e1menes. No est\u00e1 f\u00e1cil sesionar.<\/p>\n","protected":false},"excerpt":{"rendered":"<p>&#8220;Hay que evitarlas por el riesgo de transmisi\u00f3n viral&#8221;, reclam\u00f3 el m\u00e9dico de Diputados, despu\u00e9s de un positivo de Covid en el PRO. Iglesias igual quiere reunir a una comisi\u00f3n en el anexo &nbsp; &nbsp; El contagio de Covid 19 del diputado del PRO, Julio Sahad, complic\u00f3 las negociaciones que empezaban esta semana para renovar el protocolo de sesiones remotas en el Congreso y podr\u00eda obligar a Cambiemos a replantear su estrategia. El m\u00e9dico de la C\u00e1mara de Diputados, Macelo Halak, pidi\u00f3 restringir las reuniones presenciales y, si es posible,&#8230;<\/p>\n","protected":false},"author":3,"featured_media":63546,"comment_status":"closed","ping_status":"closed","sticky":false,"template":"","format":"standard","meta":[],"categories":[18],"tags":[],"_links":{"self":[{"href":"https:\/\/www.actualidadadiario.com\/index.php\/wp-json\/wp\/v2\/posts\/63545"}],"collection":[{"href":"https:\/\/www.actualidadadiario.com\/index.php\/wp-json\/wp\/v2\/posts"}],"about":[{"href":"https:\/\/www.actualidadadiario.com\/index.php\/wp-json\/wp\/v2\/types\/post"}],"author":[{"embeddable":true,"href":"https:\/\/www.actualidadadiario.com\/index.php\/wp-json\/wp\/v2\/users\/3"}],"replies":[{"embeddable":true,"href":"https:\/\/www.actualidadadiario.com\/index.php\/wp-json\/wp\/v2\/comments?post=63545"}],"version-history":[{"count":2,"href":"https:\/\/www.actualidadadiario.com\/index.php\/wp-json\/wp\/v2\/posts\/63545\/revisions"}],"predecessor-version":[{"id":63548,"href":"https:\/\/www.actualidadadiario.com\/index.php\/wp-json\/wp\/v2\/posts\/63545\/revisions\/63548"}],"wp:featuredmedia":[{"embeddable":true,"href":"https:\/\/www.actualidadadiario.com\/index.php\/wp-json\/wp\/v2\/media\/63546"}],"wp:attachment":[{"href":"https:\/\/www.actualidadadiario.com\/index.php\/wp-json\/wp\/v2\/media?parent=63545"}],"wp:term":[{"taxonomy":"category","embeddable":true,"href":"https:\/\/www.actualidadadiario.com\/index.php\/wp-json\/wp\/v2\/categories?post=63545"},{"taxonomy":"post_tag","embeddable":true,"href":"https:\/\/www.actualidadadiario.com\/index.php\/wp-json\/wp\/v2\/tags?post=63545"}],"curies":[{"name":"wp","href":"https:\/\/api.w.org\/{rel}","templated":true}]}}