{"id":63542,"date":"2020-06-30T12:55:16","date_gmt":"2020-06-30T15:55:16","guid":{"rendered":"https:\/\/www.actualidadadiario.com\/?p=63542"},"modified":"2020-06-30T12:55:16","modified_gmt":"2020-06-30T15:55:16","slug":"rossi-explico-cambios-en-el-rol-de-fuerzas-armada","status":"publish","type":"post","link":"https:\/\/www.actualidadadiario.com\/index.php\/2020\/06\/30\/rossi-explico-cambios-en-el-rol-de-fuerzas-armada\/","title":{"rendered":"Rossi explic\u00f3 cambios en el rol de Fuerzas Armada"},"content":{"rendered":"<p style=\"text-align: center;\"><em><strong>El ministro de Defensa critic\u00f3 la reforma que hab\u00eda impuesto Macri y que ayer fue derogada. Anticip\u00f3 que habr\u00e1 m\u00e1s cambios<\/strong><\/em><\/p>\n<p>&nbsp;<\/p>\n<p>&nbsp;<\/p>\n<p>El ministro de Defensa, Agust\u00edn Rossi, consider\u00f3 la modificaci\u00f3n del decreto que regula el rol de las Fuerzas Armadas, publicado ayer en el Bolet\u00edn Oficial, como una medida &#8220;l\u00f3gica y razonable&#8221; y aclar\u00f3 que &#8220;no se modifica la participaci\u00f3n de las FFAA en el apoyo log\u00edstico a las fuerzas de Seguridad&#8221;.<\/p>\n<p>Adem\u00e1s, Rossi insisti\u00f3 en que &#8220;la idea de las FFAA en la lucha contra el narcotr\u00e1fico no dio resultados en ning\u00fan lugar del mundo&#8221; y anticip\u00f3 que &#8220;en 6 meses tendremos que elaborar una nueva pol\u00edtica de Defensa&#8221;.<\/p>\n<p>Ayer, el Gobierno nacional decidi\u00f3 dejar sin efecto la reforma militar de la administraci\u00f3n de Mauricio Macri que le adjudicaba a las Fuerzas Armadas facultades para la incorporaci\u00f3n de personal civil, y para actuar contra delitos como terrorismo, contrabando, trata de personas, lavado de activos y narcotr\u00e1fico.<\/p>\n<p>Los decretos derogados, que ampliaban las competencias de las Fuerzas Armadas, son el 683 del 23\/07 de 2018 y el 703 del d\u00eda 30 de aquel mes.<\/p>\n<p>Por un lado, se devuelve al Ministerio de Defensa la potestad que Macri les hab\u00eda delegado en 2016 a los jefes de las fuerzas para incorporar personal civil, establecer los destinos de misi\u00f3n, decidir bajas y retiros obligatorios, as\u00ed como otorgar ascensos a suboficiales, licencias, y resolver cuestiones disciplinarias.<\/p>\n<p>Por otra parte, se repone como \u00e1mbito de actuaci\u00f3n de las Fuerzas Armadas lo dispuesto en la redacci\u00f3n original del Decreto 727\/06, que defin\u00eda como misi\u00f3n principal la de repeler toda &#8220;agresi\u00f3n de origen externo&#8221; perpetrada por Fuerzas Armadas de otros Estados.<\/p>\n<p>Se define como &#8220;agresi\u00f3n de origen externo&#8221; al &#8220;uso de la fuerza armada por un Estado contra la soberan\u00eda, la integridad territorial o la independencia pol\u00edtica de nuestro pa\u00eds, o en cualquier otra forma que sea incompatible con la Carta de las Naciones Unidas&#8221;.<\/p>\n<p>&#8220;Las reformas que hab\u00eda hecho Macri estaban mal porque a alguien se le pod\u00eda ocurrir meter a las Fuerzas en la Seguridad Interior&#8221;, indic\u00f3 Rossi en declaraciones a AM750.<\/p>\n<p>El ministro afirm\u00f3: \u201cLo que nos parec\u00eda mal es la modificaci\u00f3n que establec\u00eda que las FFAA pod\u00edan actuar ante una agresi\u00f3n externa. En la redacci\u00f3n original de la ley de Defensa hab\u00edamos establecido que las FFAA pod\u00edan actuar ante una agresi\u00f3n militar y estatal externa. Lo que estamos definiendo es que actu\u00e1bamos cuando hab\u00eda una agresi\u00f3n de otro pa\u00eds\u201d.<\/p>\n<p>Asimismo, afirm\u00f3 que se restableci\u00f3 \u201cla pol\u00edtica de Defensa que ten\u00edamos en 2015 que hab\u00eda impulsado yo en mi anterior gesti\u00f3n\u201d y anticip\u00f3 que \u201cen 6 meses tendremos que elaborar una nueva pol\u00edtica de Defensa\u201d.<\/p>\n","protected":false},"excerpt":{"rendered":"<p>El ministro de Defensa critic\u00f3 la reforma que hab\u00eda impuesto Macri y que ayer fue derogada. Anticip\u00f3 que habr\u00e1 m\u00e1s cambios &nbsp; &nbsp; El ministro de Defensa, Agust\u00edn Rossi, consider\u00f3 la modificaci\u00f3n del decreto que regula el rol de las Fuerzas Armadas, publicado ayer en el Bolet\u00edn Oficial, como una medida &#8220;l\u00f3gica y razonable&#8221; y aclar\u00f3 que &#8220;no se modifica la participaci\u00f3n de las FFAA en el apoyo log\u00edstico a las fuerzas de Seguridad&#8221;. Adem\u00e1s, Rossi insisti\u00f3 en que &#8220;la idea de las FFAA en la lucha contra el narcotr\u00e1fico&#8230;<\/p>\n","protected":false},"author":3,"featured_media":63543,"comment_status":"closed","ping_status":"closed","sticky":false,"template":"","format":"standard","meta":[],"categories":[18],"tags":[],"_links":{"self":[{"href":"https:\/\/www.actualidadadiario.com\/index.php\/wp-json\/wp\/v2\/posts\/63542"}],"collection":[{"href":"https:\/\/www.actualidadadiario.com\/index.php\/wp-json\/wp\/v2\/posts"}],"about":[{"href":"https:\/\/www.actualidadadiario.com\/index.php\/wp-json\/wp\/v2\/types\/post"}],"author":[{"embeddable":true,"href":"https:\/\/www.actualidadadiario.com\/index.php\/wp-json\/wp\/v2\/users\/3"}],"replies":[{"embeddable":true,"href":"https:\/\/www.actualidadadiario.com\/index.php\/wp-json\/wp\/v2\/comments?post=63542"}],"version-history":[{"count":1,"href":"https:\/\/www.actualidadadiario.com\/index.php\/wp-json\/wp\/v2\/posts\/63542\/revisions"}],"predecessor-version":[{"id":63544,"href":"https:\/\/www.actualidadadiario.com\/index.php\/wp-json\/wp\/v2\/posts\/63542\/revisions\/63544"}],"wp:featuredmedia":[{"embeddable":true,"href":"https:\/\/www.actualidadadiario.com\/index.php\/wp-json\/wp\/v2\/media\/63543"}],"wp:attachment":[{"href":"https:\/\/www.actualidadadiario.com\/index.php\/wp-json\/wp\/v2\/media?parent=63542"}],"wp:term":[{"taxonomy":"category","embeddable":true,"href":"https:\/\/www.actualidadadiario.com\/index.php\/wp-json\/wp\/v2\/categories?post=63542"},{"taxonomy":"post_tag","embeddable":true,"href":"https:\/\/www.actualidadadiario.com\/index.php\/wp-json\/wp\/v2\/tags?post=63542"}],"curies":[{"name":"wp","href":"https:\/\/api.w.org\/{rel}","templated":true}]}}