{"id":63539,"date":"2020-06-30T12:54:27","date_gmt":"2020-06-30T15:54:27","guid":{"rendered":"https:\/\/www.actualidadadiario.com\/?p=63539"},"modified":"2020-06-30T12:54:27","modified_gmt":"2020-06-30T15:54:27","slug":"en-cuarentena-la-imagen-del-presidente-sigue-siendo-muy-alta","status":"publish","type":"post","link":"https:\/\/www.actualidadadiario.com\/index.php\/2020\/06\/30\/en-cuarentena-la-imagen-del-presidente-sigue-siendo-muy-alta\/","title":{"rendered":"En cuarentena, \u201cla imagen del presidente sigue siendo muy alta\u201d"},"content":{"rendered":"<p style=\"text-align: center;\"><em><strong>El titular de la consultora Poliarqu\u00eda, Alejandro Catterberg, estuvo en el programa radial \u2018Cada Ma\u00f1ana\u2019 y brind\u00f3 detalles sobre el humor social de los argentinos en este contexto de cuarentena. Si bien tiene informaci\u00f3n certera del apoyo de la poblaci\u00f3n sobre las medidas que implement\u00f3 el Gobierno Nacional en todo el pa\u00eds, no posee precisiones sobre la posici\u00f3n de los habitantes del AMBA sobre la nueva cuarentena estricta que se llevar\u00e1 a cabo a partir de ma\u00f1ana<\/strong><\/em><\/p>\n<p>&nbsp;<\/p>\n<p>\u201cEl dato m\u00e1s importante no lo tenemos a\u00fan, porque el viernes se anunci\u00f3 la profundizaci\u00f3n de la cuarentena en el \u00e1rea del AMBA y otros distritos del pa\u00eds\u201d, le coment\u00f3 al conductor de programa, Marcelo Longobardi. Esta estad\u00edstica estar\u00e1 en breve, ya que el analista manifest\u00f3 que lo estar\u00e1n midiendo esta semana. \u201cLo que sabemos es c\u00f3mo estaba la opini\u00f3n p\u00fablica en las horas previas. Lo m\u00e1s destacado es que sigue relativamente alto el apoyo a las medidas en relaci\u00f3n al aislamiento obligatorio. M\u00e1s del 60%\u201d, detall\u00f3.<\/p>\n<p>Ahora bien, la consultora Poliarqu\u00eda diferenci\u00f3 la opini\u00f3n de los argentinos, de acuerdo a la zona en la que residen. \u201cCuando uno mira en la poblaci\u00f3n de la Ciudad de Buenos Aires es diez puntos menos\u201d el apoyo de la prolongaci\u00f3n de la cuarentena, coment\u00f3 Catterberg. Tambi\u00e9n hay diferencias con respecto al rubro en el que se desempe\u00f1en las personas. \u201cClaramente entre los trabajadores independientes, aquellas personas que sus ingresos dependen de su trabajo diario, en ese sector social el nivel de apoyo es menor\u201d, agreg\u00f3.<\/p>\n<p>Sorpresivamente, los n\u00fameros que posee la consultora indican que la clase media-alta tambi\u00e9n demuestra descontento con la cuarentena tan extensa. Para ser m\u00e1s claro, determin\u00f3 que la orientaci\u00f3n pol\u00edtica tambi\u00e9n influye en este tema. \u201cEn los votantes de Cambiemos tambi\u00e9n es menor\u201d, remarc\u00f3. Dejando de lado las opiniones sobre las medidas de aislamiento social, pas\u00f3 a hablar del humor de la poblaci\u00f3n en tiempos de pandemia.<\/p>\n<p>\u201cEl dato preocupante que sigue creciendo es el del estado de \u00e1nimo de la poblaci\u00f3n. Seguimos estando en r\u00e9cord negativo de estados de \u00e1nimo malo. Hay gente que dice sentirse preocupado, con angustia, estr\u00e9s. Esto ya est\u00e1 llegando a siete de cada diez argentinos\u201d, resalt\u00f3 Alejandro Catterberg. El avance del coronavirus y la extensi\u00f3n de la cuarentena repercuten directamente en la preocupaci\u00f3n de los ciudadanos, que ven mermada su capacidad adquisitiva y, sobre todo, contemplan la posibilidad de contagio.<\/p>\n<p>En cuanto a la figura de Alberto Fern\u00e1ndez, el titular de Poliarqu\u00eda sostuvo que sigue siendo positiva. \u201cLo hablamos la semana pasada un tercio de los argentinos ten\u00eda mala imagen de Cristina Kirchner, pero no de Alberto Fern\u00e1ndez. La imagen del presidente sigue siendo una imagen muy alta en t\u00e9rminos comparativos hist\u00f3ricos a pesar de que viene cayendo en los \u00faltimos dos meses\u201c, concluy\u00f3.<\/p>\n","protected":false},"excerpt":{"rendered":"<p>El titular de la consultora Poliarqu\u00eda, Alejandro Catterberg, estuvo en el programa radial \u2018Cada Ma\u00f1ana\u2019 y brind\u00f3 detalles sobre el humor social de los argentinos en este contexto de cuarentena. Si bien tiene informaci\u00f3n certera del apoyo de la poblaci\u00f3n sobre las medidas que implement\u00f3 el Gobierno Nacional en todo el pa\u00eds, no posee precisiones sobre la posici\u00f3n de los habitantes del AMBA sobre la nueva cuarentena estricta que se llevar\u00e1 a cabo a partir de ma\u00f1ana &nbsp; \u201cEl dato m\u00e1s importante no lo tenemos a\u00fan, porque el viernes se&#8230;<\/p>\n","protected":false},"author":3,"featured_media":63540,"comment_status":"closed","ping_status":"closed","sticky":false,"template":"","format":"standard","meta":[],"categories":[9],"tags":[],"_links":{"self":[{"href":"https:\/\/www.actualidadadiario.com\/index.php\/wp-json\/wp\/v2\/posts\/63539"}],"collection":[{"href":"https:\/\/www.actualidadadiario.com\/index.php\/wp-json\/wp\/v2\/posts"}],"about":[{"href":"https:\/\/www.actualidadadiario.com\/index.php\/wp-json\/wp\/v2\/types\/post"}],"author":[{"embeddable":true,"href":"https:\/\/www.actualidadadiario.com\/index.php\/wp-json\/wp\/v2\/users\/3"}],"replies":[{"embeddable":true,"href":"https:\/\/www.actualidadadiario.com\/index.php\/wp-json\/wp\/v2\/comments?post=63539"}],"version-history":[{"count":1,"href":"https:\/\/www.actualidadadiario.com\/index.php\/wp-json\/wp\/v2\/posts\/63539\/revisions"}],"predecessor-version":[{"id":63541,"href":"https:\/\/www.actualidadadiario.com\/index.php\/wp-json\/wp\/v2\/posts\/63539\/revisions\/63541"}],"wp:featuredmedia":[{"embeddable":true,"href":"https:\/\/www.actualidadadiario.com\/index.php\/wp-json\/wp\/v2\/media\/63540"}],"wp:attachment":[{"href":"https:\/\/www.actualidadadiario.com\/index.php\/wp-json\/wp\/v2\/media?parent=63539"}],"wp:term":[{"taxonomy":"category","embeddable":true,"href":"https:\/\/www.actualidadadiario.com\/index.php\/wp-json\/wp\/v2\/categories?post=63539"},{"taxonomy":"post_tag","embeddable":true,"href":"https:\/\/www.actualidadadiario.com\/index.php\/wp-json\/wp\/v2\/tags?post=63539"}],"curies":[{"name":"wp","href":"https:\/\/api.w.org\/{rel}","templated":true}]}}