{"id":63534,"date":"2020-06-30T12:52:50","date_gmt":"2020-06-30T15:52:50","guid":{"rendered":"https:\/\/www.actualidadadiario.com\/?p=63534"},"modified":"2020-06-30T12:52:50","modified_gmt":"2020-06-30T15:52:50","slug":"coronavirus-en-argentina-asi-es-la-situacion-en-las-areas-mas-comprometidas","status":"publish","type":"post","link":"https:\/\/www.actualidadadiario.com\/index.php\/2020\/06\/30\/coronavirus-en-argentina-asi-es-la-situacion-en-las-areas-mas-comprometidas\/","title":{"rendered":"Coronavirus en Argentina: as\u00ed es la situaci\u00f3n en las \u00e1reas m\u00e1s comprometidas"},"content":{"rendered":"<p style=\"text-align: center;\"><em><strong>Desde el Ministerio de Salud informaron que en el AMBA y en Chaco son mayores los promedios en n\u00famero de casos y en mortalidad. Los fallecidos por Covid-19 suman 1.283<\/strong><\/em><\/p>\n<p>&nbsp;<\/p>\n<p>&nbsp;<\/p>\n<p>El Ministerio de Salud inform\u00f3 esta ma\u00f1ana tres nuevos fallecimientos por coronavirus en el pa\u00eds, lo que elev\u00f3 a 1.283 la cifra de muertos desde marzo pasado, con una tasa de mortalidad de 28 cada mill\u00f3n de habitantes. Y con 62.268 afectados totales de Covid-19, el n\u00famero de casos cada 100 mil habitantes es de 137. Sin embargo estas cifras var\u00edan en las zonas en las que se endurece la cuarentena, entre ellas el \u00c1rea Metropolitana de Buenos Aires (AMBA) y Chaco.<\/p>\n<p>La secretaria de Acceso a la Salud, Carla Vizzotti, detall\u00f3 que \u201cmientras que el promedio de casos en el pa\u00eds es de 137 cada 100 mil, en la Ciudad de Buenos Aires (CABA) llega a 857, en AMBA a 333, en el \u00e1rea metropolitana de la Provincia de Buenos Aires a 215 y en Chaco a 163\u201d.<\/p>\n<p>En tanto, si se habla de mortalidad por mill\u00f3n de habitantes \u201cel promedio pa\u00eds es de 28, mientras que en CABA es de 160, en Chaco 78, en el AMBA 62 y en el \u00e1rea metropolitana de la Provincia de Buenos Aires es de 40\u201d.<\/p>\n<p>Vizzotti tambi\u00e9n insisti\u00f3 en que los adultos mayores extremen los cuidados y que los j\u00f3venes disminuyan la circulaci\u00f3n \u201cporque la edad promedio de la infecci\u00f3n es de 36 a\u00f1os y la mayor mortalidad ocurre en los mayores de 70\u201d.<\/p>\n<p>De hecho, la funcionaria indic\u00f3 que \u201cde las 38 personas fallecidas desde el reporte de ayer a la ma\u00f1ana, 19 (el 50%) corresponden a mayores de 80 a\u00f1os, mientras que 27 (70%) ocurrieron en mayores de 70\u201d.<\/p>\n<p>En cuanto a los \u00edndices, la letalidad es del 2,1% sobre los casos confirmados y de los 2.335 diagn\u00f3sticos de ayer, el 95% corresponden al AMBA mientras que el 1,3% al Chaco.<\/p>\n<p>El subsecretario de Estrategias Sanitarias, Alejandro Costa, indic\u00f3 que \u201cya son 555 personas con coronavirus internadas en terapia intensiva, mientras que la ocupaci\u00f3n de estas camas por cualquier causa es del 50,6% a nivel pa\u00eds y del 55,9% en el AMBA\u201d<\/p>\n<p>Respecto a los confirmados totales, \u201c1.064 (1,7%) son importados, 22.481 (36,1%) son contactos estrechos de casos confirmados, 27.136 (43,6%) son casos de circulaci\u00f3n comunitaria y el resto se encuentra en investigaci\u00f3n epidemiol\u00f3gica\u201d.<\/p>\n<p>Los tres nuevos fallecimientos registrados desde el \u00faltimo reporte correspondieron a un hombre, de 82 a\u00f1os, residente en la provincia de Buenos Aires; y dos mujeres, de 72 y 93 a\u00f1os, residentes en la provincia de Buenos Aires.<\/p>\n<p>A la vez, la cantidad de personas ya recuperadas de Covid-19 alcanzan las 22.028 personas, lo que corresponde a un 35,4% del total.<\/p>\n<p>En cuanto a los testeos, el porcentaje de positividad asciende a 21,2%. En detalle, ayer fueron realizadas 7.993 nuevas muestras y desde el inicio del brote se realizaron 352.402 pruebas diagn\u00f3sticas para esta enfermedad, lo que equivale a 7.766 muestras por mill\u00f3n de habitantes<\/p>\n<p>\u201cEl n\u00famero de casos descartados hasta ayer es de 232.016, tanto por laboratorio como por no cumplir con los criterios cl\u00ednicos y epidemiol\u00f3gicos para Covid-19\u201d, indic\u00f3 Costa.<\/p>\n","protected":false},"excerpt":{"rendered":"<p>Desde el Ministerio de Salud informaron que en el AMBA y en Chaco son mayores los promedios en n\u00famero de casos y en mortalidad. Los fallecidos por Covid-19 suman 1.283 &nbsp; &nbsp; El Ministerio de Salud inform\u00f3 esta ma\u00f1ana tres nuevos fallecimientos por coronavirus en el pa\u00eds, lo que elev\u00f3 a 1.283 la cifra de muertos desde marzo pasado, con una tasa de mortalidad de 28 cada mill\u00f3n de habitantes. Y con 62.268 afectados totales de Covid-19, el n\u00famero de casos cada 100 mil habitantes es de 137. Sin embargo&#8230;<\/p>\n","protected":false},"author":3,"featured_media":61242,"comment_status":"closed","ping_status":"closed","sticky":false,"template":"","format":"standard","meta":[],"categories":[2],"tags":[],"_links":{"self":[{"href":"https:\/\/www.actualidadadiario.com\/index.php\/wp-json\/wp\/v2\/posts\/63534"}],"collection":[{"href":"https:\/\/www.actualidadadiario.com\/index.php\/wp-json\/wp\/v2\/posts"}],"about":[{"href":"https:\/\/www.actualidadadiario.com\/index.php\/wp-json\/wp\/v2\/types\/post"}],"author":[{"embeddable":true,"href":"https:\/\/www.actualidadadiario.com\/index.php\/wp-json\/wp\/v2\/users\/3"}],"replies":[{"embeddable":true,"href":"https:\/\/www.actualidadadiario.com\/index.php\/wp-json\/wp\/v2\/comments?post=63534"}],"version-history":[{"count":1,"href":"https:\/\/www.actualidadadiario.com\/index.php\/wp-json\/wp\/v2\/posts\/63534\/revisions"}],"predecessor-version":[{"id":63535,"href":"https:\/\/www.actualidadadiario.com\/index.php\/wp-json\/wp\/v2\/posts\/63534\/revisions\/63535"}],"wp:featuredmedia":[{"embeddable":true,"href":"https:\/\/www.actualidadadiario.com\/index.php\/wp-json\/wp\/v2\/media\/61242"}],"wp:attachment":[{"href":"https:\/\/www.actualidadadiario.com\/index.php\/wp-json\/wp\/v2\/media?parent=63534"}],"wp:term":[{"taxonomy":"category","embeddable":true,"href":"https:\/\/www.actualidadadiario.com\/index.php\/wp-json\/wp\/v2\/categories?post=63534"},{"taxonomy":"post_tag","embeddable":true,"href":"https:\/\/www.actualidadadiario.com\/index.php\/wp-json\/wp\/v2\/tags?post=63534"}],"curies":[{"name":"wp","href":"https:\/\/api.w.org\/{rel}","templated":true}]}}