{"id":63530,"date":"2020-06-30T12:49:11","date_gmt":"2020-06-30T15:49:11","guid":{"rendered":"https:\/\/www.actualidadadiario.com\/?p=63530"},"modified":"2020-06-30T12:49:11","modified_gmt":"2020-06-30T15:49:11","slug":"oxigeno-para-gobernadores-por-aperturas-se-desacelero-en-junio-caida-real-de-la-coparticipacion","status":"publish","type":"post","link":"https:\/\/www.actualidadadiario.com\/index.php\/2020\/06\/30\/oxigeno-para-gobernadores-por-aperturas-se-desacelero-en-junio-caida-real-de-la-coparticipacion\/","title":{"rendered":"Ox\u00edgeno para gobernadores: por aperturas, se desaceler\u00f3 en junio ca\u00edda real de la coparticipaci\u00f3n"},"content":{"rendered":"<p style=\"text-align: center;\"><em><strong>Es un primer rebote positivo del diagrama escalonado de flexibilizaci\u00f3n de la actividad econ\u00f3mica avalado por la Casa Rosada. Mes podr\u00eda cerrar con contracci\u00f3n real del 10%, contra el 22% de abril\/mayo. Pero hay alerta por impacto en remesas de agosto de cuarentena hard en AMBA desde el mi\u00e9rcoles<\/strong><\/em><\/p>\n<p>&nbsp;<\/p>\n<p>Junto con el devenir de los contagios, los gobernadores siguen con lupa otra curva clave: la de los ingresos nacionales y provinciales. Y junio arroja algo de ox\u00edgeno en medio del impacto de la pandemia, de la mano de una desaceleraci\u00f3n de la ca\u00edda en t\u00e9rminos reales -respecto de la inflaci\u00f3n- de la coparticipaci\u00f3n.<\/p>\n<p>Ese escenario es un primer rebote -positivo- del diagrama escalonado de aperturas de actividades econ\u00f3micas en buena parte de las provincias, autorizado por la Casa Rosada.<\/p>\n<p>Sin embargo, el retorno al aislamiento estricto en el AMBA desde este mi\u00e9rcoles entra\u00f1a riesgos sobre la marcha de los env\u00edos autom\u00e1ticos a las arcas provinciales, con epicentro sobre todo en las remesas de agosto.<\/p>\n<p>\u201cTras la ca\u00edda hist\u00f3rica de mayo, los datos de junio muestran una mejor din\u00e1mica en la coparticipaci\u00f3n; al d\u00eda 26, el volumen transferido super\u00f3 los $ 193.000 millones, creciendo un 54,4% en t\u00e9rminos interanuales, en tanto que, normalizado por d\u00edas h\u00e1biles, el porcentaje cae al 30%\u201d, afirma un informe la consultora Aerarium.<\/p>\n<p>El estudio remarca adem\u00e1s que \u201cla recuperaci\u00f3n de esta fuente de recursos aporta algo de ox\u00edgeno a las cuentas provinciales (y municipales) aunque insuficiente, en algunas jurisdicciones, para pagar en tiempo y forma el medio aguinaldo\u201d.<\/p>\n<p>Sin embargo, la tasa de crecimiento mensual no lograr\u00e1 ganarle, nuevamente, a la inflaci\u00f3n. \u201cLas transferencias a provincias presentar\u00e1n por s\u00e9ptimo mes consecutivo una ca\u00edda en t\u00e9rminos reales\u201d, se\u00f1ala la consultora que dirigen Paulino Caballero y Guillermo Giussi.<\/p>\n<p>La contracci\u00f3n real en junio -afirman- terminar\u00eda siendo cercana al 10% respecto a junio de 2019, \u201crecuperando parte de la p\u00e9rdida provocada por el Aislamiento Social, Preventivo y Obligatorio (ASPO) (fue de -22% real promedio en el bimestre abril-mayo), y volviendo a niveles m\u00e1s cercanos a la pre-pandemia\u201d.<\/p>\n<p>\u201cNo obstante, el anuncio del endurecimiento de la cuarentena por la pandemia en el AMBA volver\u00e1 a provocar un cimbronazo en las transferencias, lo cual se reflejar\u00eda con mayor intensidad durante agosto\u201d, advirtieron desde Aerarium.<\/p>\n<p>Bajo ese escenario, y a\u00fan con el desaf\u00edo de la nueva cuarentena estricta por delante, algunas se\u00f1ales de alivio asomaron por caso en la provincia de Buenos Aires respecto del comportamiento de la coparticipaci\u00f3n y de la recaudaci\u00f3n local.<\/p>\n<p>\u201cEstamos trabajando fuertemente para tratar de amortiguar el impacto de la ca\u00edda de la actividad en la recaudaci\u00f3n; m\u00e1s all\u00e1 de la preocupaci\u00f3n, estamos viendo una reversi\u00f3n de la tendencia\u201d, dijo el titular de ARBA, Cristian Girard, en declaraciones a Radio Colonia.<\/p>\n<p>En esa l\u00ednea, remarc\u00f3 que \u201cmayo fue mejor que abril, aunque fue un mes malo\u201d. \u201cEsperemos que con m\u00e1s movilidad y m\u00e1s actividad econ\u00f3mica en junio empecemos a acercarnos m\u00e1s a los n\u00fameros que esper\u00e1bamos antes de la pandemia\u201d, dijo el funcionario de la provincia que comanda Axel Kicillof.<\/p>\n<p>En tanto, en Chaco -otro de los distritos m\u00e1s castigados por el coronavirus- la administraci\u00f3n de Jorge Capitanich tambi\u00e9n espera una menor ca\u00edda de recursos de origen nacional en junio.<\/p>\n<p>Maia Woelflin, ministra de Econom\u00eda, explic\u00f3 a este diario que \u201cla variaci\u00f3n interanual de los ingresos nacionales en mayo fue de 8% aproximadamente, y este mes -que todav\u00eda no cerr\u00f3- esperamos rondar el 25%\u201d.<\/p>\n<p>\u201cSi bien es una mejora respecto del mes anterior, a\u00fan est\u00e1 por debajo de la variaci\u00f3n del 27% acumulada de enero-mayo\u201d, destac\u00f3.<\/p>\n","protected":false},"excerpt":{"rendered":"<p>Es un primer rebote positivo del diagrama escalonado de flexibilizaci\u00f3n de la actividad econ\u00f3mica avalado por la Casa Rosada. Mes podr\u00eda cerrar con contracci\u00f3n real del 10%, contra el 22% de abril\/mayo. Pero hay alerta por impacto en remesas de agosto de cuarentena hard en AMBA desde el mi\u00e9rcoles &nbsp; Junto con el devenir de los contagios, los gobernadores siguen con lupa otra curva clave: la de los ingresos nacionales y provinciales. Y junio arroja algo de ox\u00edgeno en medio del impacto de la pandemia, de la mano de una&#8230;<\/p>\n","protected":false},"author":3,"featured_media":13003,"comment_status":"closed","ping_status":"closed","sticky":false,"template":"","format":"standard","meta":[],"categories":[2],"tags":[],"_links":{"self":[{"href":"https:\/\/www.actualidadadiario.com\/index.php\/wp-json\/wp\/v2\/posts\/63530"}],"collection":[{"href":"https:\/\/www.actualidadadiario.com\/index.php\/wp-json\/wp\/v2\/posts"}],"about":[{"href":"https:\/\/www.actualidadadiario.com\/index.php\/wp-json\/wp\/v2\/types\/post"}],"author":[{"embeddable":true,"href":"https:\/\/www.actualidadadiario.com\/index.php\/wp-json\/wp\/v2\/users\/3"}],"replies":[{"embeddable":true,"href":"https:\/\/www.actualidadadiario.com\/index.php\/wp-json\/wp\/v2\/comments?post=63530"}],"version-history":[{"count":1,"href":"https:\/\/www.actualidadadiario.com\/index.php\/wp-json\/wp\/v2\/posts\/63530\/revisions"}],"predecessor-version":[{"id":63531,"href":"https:\/\/www.actualidadadiario.com\/index.php\/wp-json\/wp\/v2\/posts\/63530\/revisions\/63531"}],"wp:featuredmedia":[{"embeddable":true,"href":"https:\/\/www.actualidadadiario.com\/index.php\/wp-json\/wp\/v2\/media\/13003"}],"wp:attachment":[{"href":"https:\/\/www.actualidadadiario.com\/index.php\/wp-json\/wp\/v2\/media?parent=63530"}],"wp:term":[{"taxonomy":"category","embeddable":true,"href":"https:\/\/www.actualidadadiario.com\/index.php\/wp-json\/wp\/v2\/categories?post=63530"},{"taxonomy":"post_tag","embeddable":true,"href":"https:\/\/www.actualidadadiario.com\/index.php\/wp-json\/wp\/v2\/tags?post=63530"}],"curies":[{"name":"wp","href":"https:\/\/api.w.org\/{rel}","templated":true}]}}