{"id":63528,"date":"2020-06-30T12:48:24","date_gmt":"2020-06-30T15:48:24","guid":{"rendered":"https:\/\/www.actualidadadiario.com\/?p=63528"},"modified":"2020-06-30T12:48:24","modified_gmt":"2020-06-30T15:48:24","slug":"anses-prorrogo-la-suspension-del-tramite-de-supervivencia","status":"publish","type":"post","link":"https:\/\/www.actualidadadiario.com\/index.php\/2020\/06\/30\/anses-prorrogo-la-suspension-del-tramite-de-supervivencia\/","title":{"rendered":"ANSeS prorrog\u00f3 la suspensi\u00f3n del tr\u00e1mite de supervivencia"},"content":{"rendered":"<p style=\"text-align: center;\"><em><strong>Se trata de la tercera pr\u00f3rroga consecutiva de este tr\u00e1mite, desde el comienzo del aislamiento social<\/strong><\/em><\/p>\n<p>&nbsp;<\/p>\n<p>La ANSeS prorrog\u00f3 hoy la suspensi\u00f3n del tr\u00e1mite de supervivencia o fe de vida de jubilados y pensionados, para el cobro de sus haberes de julio y agosto.<\/p>\n<p>&#8220;Prorr\u00f3gase la suspensi\u00f3n del tr\u00e1mite de actualizaci\u00f3n de fe de vida por parte de los jubilados y pensionados del Sistema Integrado Previsional Argentino (SIPA) y Pensiones No Contributivas, a efectos de garantizarles el cobro de las prestaciones puestas al pago durante julio y agosto de 2020&#8221;, de acuerdo con una resoluci\u00f3n publicada este martes en el Bolet\u00edn Oficial.<\/p>\n<p>El organismo dej\u00f3 establecido que las entidades pagadoras de los haberes &#8220;conservan la responsabilidad del control de la supervivencia&#8221;.<\/p>\n<p>Tambi\u00e9n, aclar\u00f3 que esas entidades &#8220;conservan la responsabilidad de rendir como impagos, los fondos posteriores al fallecimiento del beneficiario, en el marco de las operatorias vigentes, a partir de la notificaci\u00f3n de la novedad de fallecimiento, cuando este ocurriera entre marzo a agosto de 2020&#8221;.<\/p>\n","protected":false},"excerpt":{"rendered":"<p>Se trata de la tercera pr\u00f3rroga consecutiva de este tr\u00e1mite, desde el comienzo del aislamiento social &nbsp; La ANSeS prorrog\u00f3 hoy la suspensi\u00f3n del tr\u00e1mite de supervivencia o fe de vida de jubilados y pensionados, para el cobro de sus haberes de julio y agosto. &#8220;Prorr\u00f3gase la suspensi\u00f3n del tr\u00e1mite de actualizaci\u00f3n de fe de vida por parte de los jubilados y pensionados del Sistema Integrado Previsional Argentino (SIPA) y Pensiones No Contributivas, a efectos de garantizarles el cobro de las prestaciones puestas al pago durante julio y agosto de&#8230;<\/p>\n","protected":false},"author":3,"featured_media":59983,"comment_status":"closed","ping_status":"closed","sticky":false,"template":"","format":"standard","meta":[],"categories":[2],"tags":[],"_links":{"self":[{"href":"https:\/\/www.actualidadadiario.com\/index.php\/wp-json\/wp\/v2\/posts\/63528"}],"collection":[{"href":"https:\/\/www.actualidadadiario.com\/index.php\/wp-json\/wp\/v2\/posts"}],"about":[{"href":"https:\/\/www.actualidadadiario.com\/index.php\/wp-json\/wp\/v2\/types\/post"}],"author":[{"embeddable":true,"href":"https:\/\/www.actualidadadiario.com\/index.php\/wp-json\/wp\/v2\/users\/3"}],"replies":[{"embeddable":true,"href":"https:\/\/www.actualidadadiario.com\/index.php\/wp-json\/wp\/v2\/comments?post=63528"}],"version-history":[{"count":1,"href":"https:\/\/www.actualidadadiario.com\/index.php\/wp-json\/wp\/v2\/posts\/63528\/revisions"}],"predecessor-version":[{"id":63529,"href":"https:\/\/www.actualidadadiario.com\/index.php\/wp-json\/wp\/v2\/posts\/63528\/revisions\/63529"}],"wp:featuredmedia":[{"embeddable":true,"href":"https:\/\/www.actualidadadiario.com\/index.php\/wp-json\/wp\/v2\/media\/59983"}],"wp:attachment":[{"href":"https:\/\/www.actualidadadiario.com\/index.php\/wp-json\/wp\/v2\/media?parent=63528"}],"wp:term":[{"taxonomy":"category","embeddable":true,"href":"https:\/\/www.actualidadadiario.com\/index.php\/wp-json\/wp\/v2\/categories?post=63528"},{"taxonomy":"post_tag","embeddable":true,"href":"https:\/\/www.actualidadadiario.com\/index.php\/wp-json\/wp\/v2\/tags?post=63528"}],"curies":[{"name":"wp","href":"https:\/\/api.w.org\/{rel}","templated":true}]}}