{"id":63525,"date":"2020-06-30T12:47:41","date_gmt":"2020-06-30T15:47:41","guid":{"rendered":"https:\/\/www.actualidadadiario.com\/?p=63525"},"modified":"2020-06-30T12:47:41","modified_gmt":"2020-06-30T15:47:41","slug":"el-ingreso-familiar-de-emergencia-continuara-en-las-zonas-con-cuarentena-estricta","status":"publish","type":"post","link":"https:\/\/www.actualidadadiario.com\/index.php\/2020\/06\/30\/el-ingreso-familiar-de-emergencia-continuara-en-las-zonas-con-cuarentena-estricta\/","title":{"rendered":"El Ingreso Familiar de Emergencia continuar\u00e1 en las zonas con cuarentena estricta"},"content":{"rendered":"<p style=\"text-align: center;\"><em><strong>Las personas que vivan en ciudades con Aislamiento Social por coronavirus recibir\u00e1n nuevamente el IFE, seg\u00fan adelantaron funcionarios del gobierno nacional<\/strong><\/em><\/p>\n<p>&nbsp;<\/p>\n<p>&nbsp;<\/p>\n<p>En la nueva etapa de cuarentena estricta que comienza en el \u00c1rea Metropolitana de Buenos Aires, Chaco, y zonas de R\u00edo Negro y Neuqu\u00e9n, el gobierno nacional extender\u00e1 la ayuda econ\u00f3mica para quienes no pueden desarrollar su actividad.<\/p>\n<p>As\u00ed lo adelantaron el ministro de Desarrollo Social, Daniel Arroyo, y la titular de ANSES, Fernanda Raverta, al se\u00f1alar que las zonas que contin\u00faan en Aislamiento Social Preventivo Obligatorio (ASPO) ver\u00e1n reforzada la asistencia estatal.<\/p>\n<p>&#8220;EL IFE 3 va a quedar concentrado en los lugares donde hay fase 1. En el resto de las provincias tenemos que generar mecanismos compensatorios\u201d, revel\u00f3 Arroyo en di\u00e1logo con El Destape Radio, en relaci\u00f3n al resto del pa\u00eds que ya habilit\u00f3 buena parte de sus actividades econ\u00f3micas.<\/p>\n<p>&#8220;No ser\u00e1 un IFE como los dos anteriores, que fue para 9 millones de personas. La pr\u00f3xima etapa ser\u00e1 para zonas d\u00f3nde la cuarentena est\u00e1 en fase 1 o d\u00f3nde la situaci\u00f3n est\u00e1 m\u00e1s complicada&#8221;, agreg\u00f3 Raverta a Radio 10 y detall\u00f3 que estar\u00e1 destinado a \u201cla zona donde la cuarentena vuelve a una fase 1, donde la cuesti\u00f3n est\u00e1 m\u00e1s complicada en t\u00e9rminos de respetar el aislamiento&#8221;.<\/p>\n<p>&#8220;La tercera etapa nos tiene que encontrar m\u00e1s organizados, esta etapa tiene que ver con algunas variables que vamos a cruzar en funci\u00f3n de zonas geogr\u00e1ficas, donde estemos cruzando cantidad y poblaci\u00f3n bajo la l\u00ednea de pobreza, indigencia y despu\u00e9s lo vamos a cruzar con las cuestiones m\u00e1s productivas de este lugar, si la cuarentena permiti\u00f3 que la econom\u00eda se ponga en funcionamiento en ese lugar y el nivel de contagios&#8221;, detall\u00f3 la titular de ANSES.<\/p>\n<p>Mientras finaliza el segundo pago de 10.000 pesos y se planea c\u00f3mo ser\u00e1 el tercero, el gobierno nacional comienza a analizar el escenario de pospandemia, con una fuerte ca\u00edda de la actividad econ\u00f3mica y muchas personas afectadas.<\/p>\n<p>En ese sentido, Arroyo asegur\u00f3 que existe un \u201cplan de recuperaci\u00f3n econ\u00f3mica\u201d que se basa en \u201cpotenciar el trabajo en barrios vulnerables, garantizar un ingreso universal y urbanizar 4.000 barrios de emergencia\u201d.<\/p>\n<p>En una entrevista con radio Continental, el funcionario explic\u00f3 que \u201cel primer punto tiene que ver con el plan Potenciar Trabajo&#8221;, que incluye &#8220;cr\u00e9ditos no bancarios y m\u00e1quinas y herramientas que brinda el Estado para hacer mover la rueda de la econom\u00eda\u201d.<\/p>\n<p>En este sentido, Arroyo asumi\u00f3 que \u201cla recuperaci\u00f3n vendr\u00e1 de la mano de cinco sectores, como la construcci\u00f3n, los alimentos, el rubro textil, la econom\u00eda del cuidado de personas y el reciclado\u201d.<\/p>\n<p>El ministro indic\u00f3 que el segundo punto de la recuperaci\u00f3n econ\u00f3mica tras la pandemia est\u00e1 vinculado a \u201cgarantizar un ingreso universal, lo que implicar\u00e1 reconvertir los planes actuales en un ingreso de base de car\u00e1cter universal\u201d.<\/p>\n<p>Asimismo, dijo que el tercer elemento de la recuperaci\u00f3n de la econom\u00eda est\u00e1 vinculado con \u201cla necesidad de urbanizar 4.000 barrios vulnerables de todo el pa\u00eds, donde viven cuatro millones de personas, en un plan a diez a\u00f1os\u201d.<\/p>\n","protected":false},"excerpt":{"rendered":"<p>Las personas que vivan en ciudades con Aislamiento Social por coronavirus recibir\u00e1n nuevamente el IFE, seg\u00fan adelantaron funcionarios del gobierno nacional &nbsp; &nbsp; En la nueva etapa de cuarentena estricta que comienza en el \u00c1rea Metropolitana de Buenos Aires, Chaco, y zonas de R\u00edo Negro y Neuqu\u00e9n, el gobierno nacional extender\u00e1 la ayuda econ\u00f3mica para quienes no pueden desarrollar su actividad. As\u00ed lo adelantaron el ministro de Desarrollo Social, Daniel Arroyo, y la titular de ANSES, Fernanda Raverta, al se\u00f1alar que las zonas que contin\u00faan en Aislamiento Social Preventivo Obligatorio&#8230;<\/p>\n","protected":false},"author":3,"featured_media":63526,"comment_status":"closed","ping_status":"closed","sticky":false,"template":"","format":"standard","meta":[],"categories":[2],"tags":[],"_links":{"self":[{"href":"https:\/\/www.actualidadadiario.com\/index.php\/wp-json\/wp\/v2\/posts\/63525"}],"collection":[{"href":"https:\/\/www.actualidadadiario.com\/index.php\/wp-json\/wp\/v2\/posts"}],"about":[{"href":"https:\/\/www.actualidadadiario.com\/index.php\/wp-json\/wp\/v2\/types\/post"}],"author":[{"embeddable":true,"href":"https:\/\/www.actualidadadiario.com\/index.php\/wp-json\/wp\/v2\/users\/3"}],"replies":[{"embeddable":true,"href":"https:\/\/www.actualidadadiario.com\/index.php\/wp-json\/wp\/v2\/comments?post=63525"}],"version-history":[{"count":1,"href":"https:\/\/www.actualidadadiario.com\/index.php\/wp-json\/wp\/v2\/posts\/63525\/revisions"}],"predecessor-version":[{"id":63527,"href":"https:\/\/www.actualidadadiario.com\/index.php\/wp-json\/wp\/v2\/posts\/63525\/revisions\/63527"}],"wp:featuredmedia":[{"embeddable":true,"href":"https:\/\/www.actualidadadiario.com\/index.php\/wp-json\/wp\/v2\/media\/63526"}],"wp:attachment":[{"href":"https:\/\/www.actualidadadiario.com\/index.php\/wp-json\/wp\/v2\/media?parent=63525"}],"wp:term":[{"taxonomy":"category","embeddable":true,"href":"https:\/\/www.actualidadadiario.com\/index.php\/wp-json\/wp\/v2\/categories?post=63525"},{"taxonomy":"post_tag","embeddable":true,"href":"https:\/\/www.actualidadadiario.com\/index.php\/wp-json\/wp\/v2\/tags?post=63525"}],"curies":[{"name":"wp","href":"https:\/\/api.w.org\/{rel}","templated":true}]}}