{"id":63515,"date":"2020-06-30T12:44:36","date_gmt":"2020-06-30T15:44:36","guid":{"rendered":"https:\/\/www.actualidadadiario.com\/?p=63515"},"modified":"2020-06-30T12:44:36","modified_gmt":"2020-06-30T15:44:36","slug":"denuncio-acoso-hostigamiento-y-humillacion-en-un-cuartel-entrerriano-de-bomberos-voluntarios","status":"publish","type":"post","link":"https:\/\/www.actualidadadiario.com\/index.php\/2020\/06\/30\/denuncio-acoso-hostigamiento-y-humillacion-en-un-cuartel-entrerriano-de-bomberos-voluntarios\/","title":{"rendered":"Denunci\u00f3 acoso, hostigamiento y humillaci\u00f3n en un cuartel entrerriano de Bomberos Voluntarios"},"content":{"rendered":"<p style=\"text-align: center;\"><em><strong>El pasado fin de semana, con una publicaci\u00f3n de Facebook sali\u00f3 a la luz una historia escalofriante de presuntos malos tratos y acosos en el cuartel de Bomberos Voluntarios de Chajar\u00ed<\/strong><\/em><\/p>\n<p>&nbsp;<\/p>\n<p>&nbsp;<\/p>\n<p><strong>Palabras de la denunciante<\/strong><\/p>\n<p>La autora de la mencionada publicaci\u00f3n es una integrante de ese cuartel, quien antes de hacerlo advirti\u00f3: \u201cPens\u00e9 mucho, much\u00edsimo, antes de escribir esto\u201d.<\/p>\n<p>Mercedes Fern\u00e1ndez relat\u00f3 que \u201chace 16 a\u00f1os que formo parte de esta instituci\u00f3n y empec\u00e9 a los 12 en la Escuela de Cadetes, m\u00e1s que nada por curiosidad y porque me gustaba. Incluso form\u00e9 a mi familia ah\u00ed adentro\u201d, haciendo referencia su pareja, quien tambi\u00e9n es bombero.<\/p>\n<p>Explic\u00f3, al dar m\u00e1s detalles acerca de la carta publicada en Facebook, que \u201cesta situaci\u00f3n est\u00e1 judicializada. Lo que escrib\u00ed es realmente lo que pas\u00f3 porque hay situaciones que uno no espera de algunos compa\u00f1eros. Algunas de esas situaciones son parte de una broma, pero tambi\u00e9n dentro de las mismas hay insinuaciones que uno a veces naturaliza en un lugar en el que la mayor\u00eda son hombres\u201d.<\/p>\n<p>\u201cHace un tiempo comenc\u00e9 a formarme un poco m\u00e1s en todo lo relacionado a g\u00e9nero, y empec\u00e9 a darme cuenta de muchas cosas que est\u00e1n mal\u201d, expres\u00f3 la joven y, a su vez, mencion\u00f3 que \u201cciertas cosas realmente me incomodaban, m\u00e1s all\u00e1 de un curso que una pueda hacer, particularmente por parte de uno de mis compa\u00f1eros quien, cuando nos tocaba estar solos, aprovechaba a insinuarme algunas cosas (\u2026) No puedo dar muchos detalles, pero se trata de una persona que est\u00e1 en el cuartel\u201d.<\/p>\n<p>Asegur\u00f3, adem\u00e1s, que de su parte trataba \u201cque no haya un ambiente tenso, si bien ya hab\u00eda incomodidad (\u2026) Le dije algunas veces \u2018basta, ya est\u00e1\u2019. \u2018sigamos con lo que tenemos que hacer\u2019, tratando de evadir esas cuestiones\u201d.<\/p>\n<p>&nbsp;<\/p>\n<p><strong>Denuncia judicial<\/strong><\/p>\n<p>\u201cTuve que recurrir a la Justicia porque de las personas a quienes acud\u00ed no recib\u00ed ayuda ni contenci\u00f3n. Una de ellas se mostr\u00f3 incluso molesta con esto, sin actuar como deber\u00eda actuar\u201d, precis\u00f3 al momento de justificar su denuncia ante la Justicia.<\/p>\n<p>Puntualiz\u00f3 que \u201chice la denuncia correspondiente porque desde el cuartel se decidi\u00f3 que esto deb\u00eda seguir en la Justicia\u201d.<\/p>\n<p>\u201cEn estos momentos estoy activa en el cuartel, m\u00e1s all\u00e1 que me licenciaron durante 15 d\u00edas, y lo mismo ocurri\u00f3 con la otra persona. Dentro de esa licencia, yo ten\u00eda cinco d\u00edas para presentar la denuncia en la Justicia y as\u00ed fue (\u2026) Tengo acompa\u00f1amiento de parte de algunos compa\u00f1eros y de algunos dirigentes de la instituci\u00f3n, pero de parte de otros no. Todos est\u00e1n molestos con esta situaci\u00f3n, pero al margen de esta denuncia que hice por acoso, tambi\u00e9n yo ven\u00eda sufriendo hostigamiento y humillaci\u00f3n\u201d, manifest\u00f3.<\/p>\n<p>Destac\u00f3 que \u201chay cosas que no se pueden esconder ni tapar m\u00e1s (\u2026) Hace algo menos de un a\u00f1o que vengo padeciendo esto\u201d.<\/p>\n<p>&nbsp;<\/p>\n<p><strong>\u201cMe siento acompa\u00f1ada\u201d<\/strong><\/p>\n<p>Al respecto, la joven bombera dijo que \u201clleg\u00f3 un momento en el que tuve que tomar la decisi\u00f3n, pero me anim\u00e9 y lo hice. Hoy por hoy me siento acompa\u00f1ada por personas de mi confianza, mientras sigue su curso la denuncia tanto en la Justicia local como provincial, y en entes provinciales y nacionales\u201d.<\/p>\n<p>\u201cEs positivo hacer la denuncia porque lamentablemente muchas veces las mujeres tenemos que agachar la cabeza y permitir que nos humillen .En algunos casos hay mujeres que terminan dejando el cuartel, cuando en realidad lo deber\u00edan hacer las malas personas\u201d, desliz\u00f3.<\/p>\n<p>Sostuvo que \u201cel d\u00eda que me vaya del cuartel, lo quiero hacer de una buena manera, y no por esto (\u2026) No quiero que me tilden de in\u00fatil y me humillen, para que termine y\u00e9ndome\u201d.<\/p>\n<p>Coment\u00f3, tambi\u00e9n, que por parte de los directivos de la instituci\u00f3n supo que \u201cquien no salga favorecido ante el fallo de la Justicia debe dejar el cuartel (\u2026) Al tema lo habl\u00e9 con la Comisi\u00f3n Directiva, y me respondieron que deb\u00eda plantearlo ante la Justicia, a la vez que me dijeron que me iban a ayudar, pero yo termin\u00e9 buscando un abogado sola, o con la ayuda de personas allegadas a mi\u201d.<\/p>\n<p>Cont\u00f3, finalmente, que tras su publicaci\u00f3n en Facebook le llegaron \u201ccomentarios de personas que, en otros cuarteles, tambi\u00e9n padecen situaciones similares. Por eso es importante hacer la denuncia\u201d, ante este tipo de hechos.<\/p>\n","protected":false},"excerpt":{"rendered":"<p>El pasado fin de semana, con una publicaci\u00f3n de Facebook sali\u00f3 a la luz una historia escalofriante de presuntos malos tratos y acosos en el cuartel de Bomberos Voluntarios de Chajar\u00ed &nbsp; &nbsp; Palabras de la denunciante La autora de la mencionada publicaci\u00f3n es una integrante de ese cuartel, quien antes de hacerlo advirti\u00f3: \u201cPens\u00e9 mucho, much\u00edsimo, antes de escribir esto\u201d. Mercedes Fern\u00e1ndez relat\u00f3 que \u201chace 16 a\u00f1os que formo parte de esta instituci\u00f3n y empec\u00e9 a los 12 en la Escuela de Cadetes, m\u00e1s que nada por curiosidad y&#8230;<\/p>\n","protected":false},"author":3,"featured_media":63516,"comment_status":"closed","ping_status":"closed","sticky":false,"template":"","format":"standard","meta":[],"categories":[15],"tags":[],"_links":{"self":[{"href":"https:\/\/www.actualidadadiario.com\/index.php\/wp-json\/wp\/v2\/posts\/63515"}],"collection":[{"href":"https:\/\/www.actualidadadiario.com\/index.php\/wp-json\/wp\/v2\/posts"}],"about":[{"href":"https:\/\/www.actualidadadiario.com\/index.php\/wp-json\/wp\/v2\/types\/post"}],"author":[{"embeddable":true,"href":"https:\/\/www.actualidadadiario.com\/index.php\/wp-json\/wp\/v2\/users\/3"}],"replies":[{"embeddable":true,"href":"https:\/\/www.actualidadadiario.com\/index.php\/wp-json\/wp\/v2\/comments?post=63515"}],"version-history":[{"count":1,"href":"https:\/\/www.actualidadadiario.com\/index.php\/wp-json\/wp\/v2\/posts\/63515\/revisions"}],"predecessor-version":[{"id":63517,"href":"https:\/\/www.actualidadadiario.com\/index.php\/wp-json\/wp\/v2\/posts\/63515\/revisions\/63517"}],"wp:featuredmedia":[{"embeddable":true,"href":"https:\/\/www.actualidadadiario.com\/index.php\/wp-json\/wp\/v2\/media\/63516"}],"wp:attachment":[{"href":"https:\/\/www.actualidadadiario.com\/index.php\/wp-json\/wp\/v2\/media?parent=63515"}],"wp:term":[{"taxonomy":"category","embeddable":true,"href":"https:\/\/www.actualidadadiario.com\/index.php\/wp-json\/wp\/v2\/categories?post=63515"},{"taxonomy":"post_tag","embeddable":true,"href":"https:\/\/www.actualidadadiario.com\/index.php\/wp-json\/wp\/v2\/tags?post=63515"}],"curies":[{"name":"wp","href":"https:\/\/api.w.org\/{rel}","templated":true}]}}