{"id":63513,"date":"2020-06-30T12:43:37","date_gmt":"2020-06-30T15:43:37","guid":{"rendered":"https:\/\/www.actualidadadiario.com\/?p=63513"},"modified":"2020-06-30T12:43:37","modified_gmt":"2020-06-30T15:43:37","slug":"detectaron-un-caso-de-coronavirus-en-la-sede-del-ministerio-de-salud-provincial","status":"publish","type":"post","link":"https:\/\/www.actualidadadiario.com\/index.php\/2020\/06\/30\/detectaron-un-caso-de-coronavirus-en-la-sede-del-ministerio-de-salud-provincial\/","title":{"rendered":"Detectaron un caso de coronavirus en la sede del Ministerio de Salud provincial"},"content":{"rendered":"<p style=\"text-align: center;\"><em><strong>Seg\u00fan la investigaci\u00f3n epidemiol\u00f3gica, el paciente asisti\u00f3 al edificio hasta el d\u00eda 12 de junio pasado. A partir de esa fecha, se encuentra cumpliendo el aislamiento preventivo, a ra\u00edz de que tuvo a un contacto estrecho Covid-19 positivo extra ministerial, relacionado al conglomerado local de Paran\u00e1<\/strong><\/em><\/p>\n<p>&nbsp;<\/p>\n<p>Desde el Comit\u00e9 de Organizaci\u00f3n de Emergencia Sanitaria (COES), se afirm\u00f3 que no hay riesgo para los empleados que asisten diariamente a las oficinas. Se insta, asimismo, al resguardo de la identidad y privacidad de todos los casos para preservar la \u00e9tica.<\/p>\n<p>&nbsp;<\/p>\n<p><strong>Medidas de prevenci\u00f3n<\/strong><\/p>\n<p>Desde que se defini\u00f3 que en la capital entrerriana existe transmisi\u00f3n por conglomerado, en el edificio central del Ministerio de Salud se toman medidas de desinfecci\u00f3n semanal. Adem\u00e1s, a diario se mide la temperatura y se esterilizan las superficies de contacto, se entrega alcohol en gel a cada trabajador, as\u00ed como se implement\u00f3 el uso de m\u00e1scara facial, tapaboca y barbijos. Tambi\u00e9n se dispuso una estrategia de rotaci\u00f3n de trabajadores que concurren en distintos d\u00edas y horarios para proteger y disminuir la circulaci\u00f3n de personas.<\/p>\n<p>Por \u00faltimo, se comunica que las actividades habituales en el edificio de calle 25 de Mayo continuar\u00e1n, por lo que este martes seguir\u00e1n con las tareas de desinfecci\u00f3n. Asimismo, desde la cartera sanitaria piden responsabilidad a la ciudadan\u00eda, a fin de evitar la propagaci\u00f3n de falsas informaciones o rumores que desarticulen la estrategia sanitaria.<\/p>\n","protected":false},"excerpt":{"rendered":"<p>Seg\u00fan la investigaci\u00f3n epidemiol\u00f3gica, el paciente asisti\u00f3 al edificio hasta el d\u00eda 12 de junio pasado. A partir de esa fecha, se encuentra cumpliendo el aislamiento preventivo, a ra\u00edz de que tuvo a un contacto estrecho Covid-19 positivo extra ministerial, relacionado al conglomerado local de Paran\u00e1 &nbsp; Desde el Comit\u00e9 de Organizaci\u00f3n de Emergencia Sanitaria (COES), se afirm\u00f3 que no hay riesgo para los empleados que asisten diariamente a las oficinas. Se insta, asimismo, al resguardo de la identidad y privacidad de todos los casos para preservar la \u00e9tica. &nbsp;&#8230;<\/p>\n","protected":false},"author":3,"featured_media":56209,"comment_status":"closed","ping_status":"closed","sticky":false,"template":"","format":"standard","meta":[],"categories":[15],"tags":[],"_links":{"self":[{"href":"https:\/\/www.actualidadadiario.com\/index.php\/wp-json\/wp\/v2\/posts\/63513"}],"collection":[{"href":"https:\/\/www.actualidadadiario.com\/index.php\/wp-json\/wp\/v2\/posts"}],"about":[{"href":"https:\/\/www.actualidadadiario.com\/index.php\/wp-json\/wp\/v2\/types\/post"}],"author":[{"embeddable":true,"href":"https:\/\/www.actualidadadiario.com\/index.php\/wp-json\/wp\/v2\/users\/3"}],"replies":[{"embeddable":true,"href":"https:\/\/www.actualidadadiario.com\/index.php\/wp-json\/wp\/v2\/comments?post=63513"}],"version-history":[{"count":1,"href":"https:\/\/www.actualidadadiario.com\/index.php\/wp-json\/wp\/v2\/posts\/63513\/revisions"}],"predecessor-version":[{"id":63514,"href":"https:\/\/www.actualidadadiario.com\/index.php\/wp-json\/wp\/v2\/posts\/63513\/revisions\/63514"}],"wp:featuredmedia":[{"embeddable":true,"href":"https:\/\/www.actualidadadiario.com\/index.php\/wp-json\/wp\/v2\/media\/56209"}],"wp:attachment":[{"href":"https:\/\/www.actualidadadiario.com\/index.php\/wp-json\/wp\/v2\/media?parent=63513"}],"wp:term":[{"taxonomy":"category","embeddable":true,"href":"https:\/\/www.actualidadadiario.com\/index.php\/wp-json\/wp\/v2\/categories?post=63513"},{"taxonomy":"post_tag","embeddable":true,"href":"https:\/\/www.actualidadadiario.com\/index.php\/wp-json\/wp\/v2\/tags?post=63513"}],"curies":[{"name":"wp","href":"https:\/\/api.w.org\/{rel}","templated":true}]}}