{"id":63511,"date":"2020-06-30T12:42:41","date_gmt":"2020-06-30T15:42:41","guid":{"rendered":"https:\/\/www.actualidadadiario.com\/?p=63511"},"modified":"2020-06-30T12:42:41","modified_gmt":"2020-06-30T15:42:41","slug":"este-martes-se-registraron-siete-nuevos-casos-de-coronavirus-en-entre-rios","status":"publish","type":"post","link":"https:\/\/www.actualidadadiario.com\/index.php\/2020\/06\/30\/este-martes-se-registraron-siete-nuevos-casos-de-coronavirus-en-entre-rios\/","title":{"rendered":"Este martes se registraron siete nuevos casos de coronavirus en Entre R\u00edos"},"content":{"rendered":"<p style=\"text-align: center;\"><em><strong>El \u00e1rea de Vigilancia Epidemiol\u00f3gica del Ministerio de Salud, confirm\u00f3 que este martes en Entre R\u00edos se registraron siete nuevos casos de coronavirus<\/strong><\/em><\/p>\n<p>&nbsp;<\/p>\n<p>&nbsp;<\/p>\n<p>Los cinco primeros corresponden a la ciudad de Paran\u00e1, y son contactos estrechos de pacientes con Covid-19 positivo.<\/p>\n<p>Los \u00faltimos dos, fueron detectados en la localidad de Villa Elisa, departamento Col\u00f3n, trat\u00e1ndose de personas relacionadas con el caso ya confirmado el d\u00eda domingo pasado.<\/p>\n<p>De ese modo, en la provincia son 283 los casos confirmados.<\/p>\n","protected":false},"excerpt":{"rendered":"<p>El \u00e1rea de Vigilancia Epidemiol\u00f3gica del Ministerio de Salud, confirm\u00f3 que este martes en Entre R\u00edos se registraron siete nuevos casos de coronavirus &nbsp; &nbsp; Los cinco primeros corresponden a la ciudad de Paran\u00e1, y son contactos estrechos de pacientes con Covid-19 positivo. Los \u00faltimos dos, fueron detectados en la localidad de Villa Elisa, departamento Col\u00f3n, trat\u00e1ndose de personas relacionadas con el caso ya confirmado el d\u00eda domingo pasado. De ese modo, en la provincia son 283 los casos confirmados.<\/p>\n","protected":false},"author":3,"featured_media":62875,"comment_status":"closed","ping_status":"closed","sticky":false,"template":"","format":"standard","meta":[],"categories":[15],"tags":[],"_links":{"self":[{"href":"https:\/\/www.actualidadadiario.com\/index.php\/wp-json\/wp\/v2\/posts\/63511"}],"collection":[{"href":"https:\/\/www.actualidadadiario.com\/index.php\/wp-json\/wp\/v2\/posts"}],"about":[{"href":"https:\/\/www.actualidadadiario.com\/index.php\/wp-json\/wp\/v2\/types\/post"}],"author":[{"embeddable":true,"href":"https:\/\/www.actualidadadiario.com\/index.php\/wp-json\/wp\/v2\/users\/3"}],"replies":[{"embeddable":true,"href":"https:\/\/www.actualidadadiario.com\/index.php\/wp-json\/wp\/v2\/comments?post=63511"}],"version-history":[{"count":1,"href":"https:\/\/www.actualidadadiario.com\/index.php\/wp-json\/wp\/v2\/posts\/63511\/revisions"}],"predecessor-version":[{"id":63512,"href":"https:\/\/www.actualidadadiario.com\/index.php\/wp-json\/wp\/v2\/posts\/63511\/revisions\/63512"}],"wp:featuredmedia":[{"embeddable":true,"href":"https:\/\/www.actualidadadiario.com\/index.php\/wp-json\/wp\/v2\/media\/62875"}],"wp:attachment":[{"href":"https:\/\/www.actualidadadiario.com\/index.php\/wp-json\/wp\/v2\/media?parent=63511"}],"wp:term":[{"taxonomy":"category","embeddable":true,"href":"https:\/\/www.actualidadadiario.com\/index.php\/wp-json\/wp\/v2\/categories?post=63511"},{"taxonomy":"post_tag","embeddable":true,"href":"https:\/\/www.actualidadadiario.com\/index.php\/wp-json\/wp\/v2\/tags?post=63511"}],"curies":[{"name":"wp","href":"https:\/\/api.w.org\/{rel}","templated":true}]}}