{"id":63509,"date":"2020-06-30T12:42:01","date_gmt":"2020-06-30T15:42:01","guid":{"rendered":"https:\/\/www.actualidadadiario.com\/?p=63509"},"modified":"2020-06-30T12:42:01","modified_gmt":"2020-06-30T15:42:01","slug":"entre-rios-esta-en-condiciones-de-volver-a-las-clases-en-agosto-pero-creemos-que-no-es-conveniente-dijeron-desde-salud","status":"publish","type":"post","link":"https:\/\/www.actualidadadiario.com\/index.php\/2020\/06\/30\/entre-rios-esta-en-condiciones-de-volver-a-las-clases-en-agosto-pero-creemos-que-no-es-conveniente-dijeron-desde-salud\/","title":{"rendered":"\u201cEntre R\u00edos est\u00e1 en condiciones de volver a las clases en agosto, pero creemos que no es conveniente\u201d dijeron desde Salud"},"content":{"rendered":"<p style=\"text-align: center;\"><em><strong>As\u00ed lo inform\u00f3 al respecto la Ministra de Salud, Sonia Vel\u00e1zquez quien sin embargo aclar\u00f3: \u201cNecesitamos seguir en la estrategia de disminuci\u00f3n de circulaci\u00f3n de gente, y creemos que los chicos generan un promedio de circulaci\u00f3n que no es conveniente\u201d<\/strong><\/em><\/p>\n<p>&nbsp;<\/p>\n<p>&nbsp;<\/p>\n<p>\u201cPor ello si bien Entre R\u00edos est\u00e1 en condiciones de volver a las clases en agosto, hemos decidido que a\u00fan no se abran las escuelas\u201d, complet\u00f3 Vel\u00e1zquez.<\/p>\n<p>Acto seguido reconoci\u00f3 que en la actualidad \u201cvenimos trabajando con Naci\u00f3n y los distintos organismos de la provincia para elaborar un protocolo de vuelta a clase, sobre todo en los establecimientos rurales donde hay personal \u00fanico y pocos chicos, por lo que d\u00eda a d\u00eda estamos abocados a esto\u201d, destac\u00f3.<\/p>\n<p>Ante la pregunta de si la cantidad de casos en la actualidad era la esperada, sostuvo: \u201cNo tenemos promedio de contagios esperados\u201d, pero resalt\u00f3 que \u201cs\u00ed creemos que el comportamiento de lo que estaba sucediendo en el AMBA tendr\u00eda un correlato en Entre R\u00edos si las personas no toman una conducta de cuidado\u201d.<\/p>\n","protected":false},"excerpt":{"rendered":"<p>As\u00ed lo inform\u00f3 al respecto la Ministra de Salud, Sonia Vel\u00e1zquez quien sin embargo aclar\u00f3: \u201cNecesitamos seguir en la estrategia de disminuci\u00f3n de circulaci\u00f3n de gente, y creemos que los chicos generan un promedio de circulaci\u00f3n que no es conveniente\u201d &nbsp; &nbsp; \u201cPor ello si bien Entre R\u00edos est\u00e1 en condiciones de volver a las clases en agosto, hemos decidido que a\u00fan no se abran las escuelas\u201d, complet\u00f3 Vel\u00e1zquez. Acto seguido reconoci\u00f3 que en la actualidad \u201cvenimos trabajando con Naci\u00f3n y los distintos organismos de la provincia para elaborar un&#8230;<\/p>\n","protected":false},"author":3,"featured_media":61952,"comment_status":"closed","ping_status":"closed","sticky":false,"template":"","format":"standard","meta":[],"categories":[15],"tags":[],"_links":{"self":[{"href":"https:\/\/www.actualidadadiario.com\/index.php\/wp-json\/wp\/v2\/posts\/63509"}],"collection":[{"href":"https:\/\/www.actualidadadiario.com\/index.php\/wp-json\/wp\/v2\/posts"}],"about":[{"href":"https:\/\/www.actualidadadiario.com\/index.php\/wp-json\/wp\/v2\/types\/post"}],"author":[{"embeddable":true,"href":"https:\/\/www.actualidadadiario.com\/index.php\/wp-json\/wp\/v2\/users\/3"}],"replies":[{"embeddable":true,"href":"https:\/\/www.actualidadadiario.com\/index.php\/wp-json\/wp\/v2\/comments?post=63509"}],"version-history":[{"count":1,"href":"https:\/\/www.actualidadadiario.com\/index.php\/wp-json\/wp\/v2\/posts\/63509\/revisions"}],"predecessor-version":[{"id":63510,"href":"https:\/\/www.actualidadadiario.com\/index.php\/wp-json\/wp\/v2\/posts\/63509\/revisions\/63510"}],"wp:featuredmedia":[{"embeddable":true,"href":"https:\/\/www.actualidadadiario.com\/index.php\/wp-json\/wp\/v2\/media\/61952"}],"wp:attachment":[{"href":"https:\/\/www.actualidadadiario.com\/index.php\/wp-json\/wp\/v2\/media?parent=63509"}],"wp:term":[{"taxonomy":"category","embeddable":true,"href":"https:\/\/www.actualidadadiario.com\/index.php\/wp-json\/wp\/v2\/categories?post=63509"},{"taxonomy":"post_tag","embeddable":true,"href":"https:\/\/www.actualidadadiario.com\/index.php\/wp-json\/wp\/v2\/tags?post=63509"}],"curies":[{"name":"wp","href":"https:\/\/api.w.org\/{rel}","templated":true}]}}