{"id":63503,"date":"2020-06-30T12:40:09","date_gmt":"2020-06-30T15:40:09","guid":{"rendered":"https:\/\/www.actualidadadiario.com\/?p=63503"},"modified":"2020-06-30T12:40:09","modified_gmt":"2020-06-30T15:40:09","slug":"santa-ana-recuperados-de-coronavirus-donaran-plasma-para-el-tratamiento-de-otros-pacientes","status":"publish","type":"post","link":"https:\/\/www.actualidadadiario.com\/index.php\/2020\/06\/30\/santa-ana-recuperados-de-coronavirus-donaran-plasma-para-el-tratamiento-de-otros-pacientes\/","title":{"rendered":"Santa Ana: recuperados de coronavirus donar\u00e1n plasma para el tratamiento de otros pacientes"},"content":{"rendered":"<p style=\"text-align: center;\"><em><strong>El intendente de Santa Ana, Rogelio Zanandrea, confirm\u00f3 que los pacientes de la localidad que reciban el alta \u201cser\u00edan los primeros inmunizados que estar\u00edan en condiciones de donar plasma&#8221; y destac\u00f3 que &#8220;tenemos el compromiso de todos ellos&#8221;<\/strong><\/em><\/p>\n<p>&nbsp;<\/p>\n<p>&nbsp;<\/p>\n<p>En di\u00e1logo con El Once TV, el jefe comunal precis\u00f3 que \u201clos pacientes son todos de un grupo etario joven, menores de 40 a\u00f1os, y todos transitan la enfermedad con sintomatolog\u00eda leve o incluso sin s\u00edntomas; permanecen a la espera del segundo hisopado para el alta y ninguno est\u00e1 complicado de salud&#8221;.<\/p>\n<p>Este martes se confirmaron casos de coronavirus en Paran\u00e1 y Villa Elisa, por lo que la comunidad de Santa Ana, que suma 50 positivos, transita el segundo d\u00eda sin la detecci\u00f3n de contagios. Asimismo, est\u00e1 prevista la realizaci\u00f3n de 20 hisopados a contactos estrechos con los positivos anteriores, cuyos resultados estar\u00e1n disponibles para el d\u00eda jueves.<\/p>\n<p>&#8220;Desde la Municipalidad, junto a Salud y Epidemiolog\u00eda, decidimos testear a todos los que tuvieron aunque sea una sintomatolog\u00eda leve para salir a buscar el recorrido del virus y poder terminar este contagio por conglomerado&#8221;, explic\u00f3 Zanandrea.<\/p>\n<p>El intendente expres\u00f3 que \u201cse realiza un seguimiento estrecho a todos los que tuvieron contacto con los COVID-19 positivos. Y en los pr\u00f3ximos d\u00edas, la semana pr\u00f3xima, saldr\u00edamos de esta situaci\u00f3n de contagio por conglomerado y esperamos no sumar m\u00e1s casos positivos&#8221;.<\/p>\n<p>&#8220;En Santa Ana hay una vida social y familiar muy importante, se comparte mucho el mate en las reuniones y eso hizo que se hayan producido estos contagios; hay familias de hasta siete integrantes en las que todos est\u00e1n contagiados y eso fue sumando muchos casos&#8221;, finaliz\u00f3 el jefe comunal.<\/p>\n","protected":false},"excerpt":{"rendered":"<p>El intendente de Santa Ana, Rogelio Zanandrea, confirm\u00f3 que los pacientes de la localidad que reciban el alta \u201cser\u00edan los primeros inmunizados que estar\u00edan en condiciones de donar plasma&#8221; y destac\u00f3 que &#8220;tenemos el compromiso de todos ellos&#8221; &nbsp; &nbsp; En di\u00e1logo con El Once TV, el jefe comunal precis\u00f3 que \u201clos pacientes son todos de un grupo etario joven, menores de 40 a\u00f1os, y todos transitan la enfermedad con sintomatolog\u00eda leve o incluso sin s\u00edntomas; permanecen a la espera del segundo hisopado para el alta y ninguno est\u00e1 complicado&#8230;<\/p>\n","protected":false},"author":3,"featured_media":63504,"comment_status":"closed","ping_status":"closed","sticky":false,"template":"","format":"standard","meta":[],"categories":[9],"tags":[],"_links":{"self":[{"href":"https:\/\/www.actualidadadiario.com\/index.php\/wp-json\/wp\/v2\/posts\/63503"}],"collection":[{"href":"https:\/\/www.actualidadadiario.com\/index.php\/wp-json\/wp\/v2\/posts"}],"about":[{"href":"https:\/\/www.actualidadadiario.com\/index.php\/wp-json\/wp\/v2\/types\/post"}],"author":[{"embeddable":true,"href":"https:\/\/www.actualidadadiario.com\/index.php\/wp-json\/wp\/v2\/users\/3"}],"replies":[{"embeddable":true,"href":"https:\/\/www.actualidadadiario.com\/index.php\/wp-json\/wp\/v2\/comments?post=63503"}],"version-history":[{"count":1,"href":"https:\/\/www.actualidadadiario.com\/index.php\/wp-json\/wp\/v2\/posts\/63503\/revisions"}],"predecessor-version":[{"id":63505,"href":"https:\/\/www.actualidadadiario.com\/index.php\/wp-json\/wp\/v2\/posts\/63503\/revisions\/63505"}],"wp:featuredmedia":[{"embeddable":true,"href":"https:\/\/www.actualidadadiario.com\/index.php\/wp-json\/wp\/v2\/media\/63504"}],"wp:attachment":[{"href":"https:\/\/www.actualidadadiario.com\/index.php\/wp-json\/wp\/v2\/media?parent=63503"}],"wp:term":[{"taxonomy":"category","embeddable":true,"href":"https:\/\/www.actualidadadiario.com\/index.php\/wp-json\/wp\/v2\/categories?post=63503"},{"taxonomy":"post_tag","embeddable":true,"href":"https:\/\/www.actualidadadiario.com\/index.php\/wp-json\/wp\/v2\/tags?post=63503"}],"curies":[{"name":"wp","href":"https:\/\/api.w.org\/{rel}","templated":true}]}}