{"id":63494,"date":"2020-06-26T13:15:26","date_gmt":"2020-06-26T16:15:26","guid":{"rendered":"https:\/\/www.actualidadadiario.com\/?p=63494"},"modified":"2020-06-26T13:15:26","modified_gmt":"2020-06-26T16:15:26","slug":"el-virus-causa-estragos-en-brasil-san-pablo-tiene-mas-casos-que-toda-espana","status":"publish","type":"post","link":"https:\/\/www.actualidadadiario.com\/index.php\/2020\/06\/26\/el-virus-causa-estragos-en-brasil-san-pablo-tiene-mas-casos-que-toda-espana\/","title":{"rendered":"El virus causa estragos en Brasil: San Pablo tiene m\u00e1s casos que toda Espa\u00f1a"},"content":{"rendered":"<p style=\"text-align: center;\"><em><strong>En la ciudad se registraron 248.587 infectados seg\u00fan los datos presentados este jueves por la Secretar\u00eda de Salud estadual, contra 247.486 contabilizados en Espa\u00f1a<\/strong><\/em><\/p>\n<p>&nbsp;<\/p>\n<p>El estado de San Pablo, el m\u00e1s populoso y opulento de Brasil, super\u00f3 hoy a Espa\u00f1a en n\u00famero de infectados con SARS-CoV-2, en el contexto de una curva ascendente en todo el pa\u00eds que podr\u00eda llegar a 166 mil fallecimientos en octubre.<\/p>\n<p>Las estad\u00edsticas de fallecimientos tambi\u00e9n est\u00e1n en alza en la ciudad m\u00e1s populosa de Am\u00e9rica de l Sur, con 13.759 casos positivos, donde el mi\u00e9rcoles hubo 434 muertes y hoy 407, los dos d\u00edas con m\u00e1s altos registros desde el inicio de la pandemia.<\/p>\n<p>El secretario de Salud estadual, Henrique Hermann, y Joao Gabardo, jefe del equipo de contigencia por el Covid-19, ofrecieron una conferencia de prensa hoy en la que informaron sobre un agravamiento de la pandemia.<\/p>\n<p>La situaci\u00f3n empeor\u00f3 fundamentalmente en el interior del estado, de 46 millones de habitantes, donde hay un servicio hospitalario menos complejo que el existente en la capital.<\/p>\n<p>Ese mismo cuadro se repite en varios estados del pa\u00eds donde la dolencia lleg\u00f3 m\u00e1s tarde a las ciudades del interior en las que la situaci\u00f3n comenz\u00f3 a agravarse en los \u00faltimos d\u00edas.<\/p>\n<p>El ministerio de Salud nacional anunci\u00f3 el mi\u00e9rcoles que luego de observar una meseta de casos a mediados de la semana pasada la situaci\u00f3n empeor\u00f3 en los \u00faltimos d\u00edas, por lo que a\u00fan no se lleg\u00f3 al pico de la curva.<\/p>\n<p>Entre tanto el presidente, Jair Bolsonaro, y el ministro de Salud, Eduardo Pazuello, repitieron esta semana su expectativa en que los gobiernos estaduales eliminen cuanto antes las cuarentenas y se reinicie por completo la actividad econ\u00f3mica.<\/p>\n<p>Incluso Bolsonaro manifest\u00f3 su deseo de que se reinicien las actividades en las escuelas p\u00fablicas y privadas.<\/p>\n<p>Brasil se consolid\u00f3 como el segundo pa\u00eds del mundo en el ranking de fallecimientos y afectados por el SARS-CoV-2 que elabora la universidad norteamericana Johns Hopkins. Y en las \u00faltimas semanas el pa\u00eds se ubic\u00f3 primero considerando el n\u00famero de muertos a cada d\u00eda.<\/p>\n<p>Por otra parte la Universidad de Washington report\u00f3 que Brasil puede superar las 166 mil v\u00edctimas fatales en octubre, lo que supone un crecimiento de m\u00e1s del 300% respecto de los n\u00fameros actuales.<\/p>\n<p>Hasta que el gobierno de Brasil no \u201cadopte medidas para retardar la transmisi\u00f3n del coronavirus el pa\u00eds continuar\u00e1 su tr\u00e1gica trayectoria ascendente de infecciones y muertes\u201d, afirm\u00f3 Christopher Murray, director del Instituto de M\u00e9tricas y Evaluaci\u00f3n de la Salud de la Universidad de Washington.<\/p>\n<p>&nbsp;<\/p>\n<p><strong>Brasil prueba una vacuna en humanos mientras el virus no le da tregua<\/strong><\/p>\n<p>De acuerdo con las proyecciones de esta universidad, si la cuarentena se flexibiliza, algo que comenz\u00f3 a ocurrir en varios estados, el n\u00famero de v\u00edctimas fatales puede llegar 340.000 en Brasil en octubre.<\/p>\n<p>Por otra parte este jueves arribaron al aeropuerto de Guarulhos, en San Pablo, 200 respiradores donados por Estados. Este fue el primer lote de un total de 1.000 aparatos prometidos por el presidente Donald Trump a su colega Jair Bolsonaro. A principio de mes Bolsonaro telefone\u00f3 a Trump para agradecerle la donaci\u00f3n de los respiradores y el env\u00edo de 2 millones de comprimidos de hidroxicloroquina, tambi\u00e9n destinados a los pacientes con Covid-19.<\/p>\n","protected":false},"excerpt":{"rendered":"<p>En la ciudad se registraron 248.587 infectados seg\u00fan los datos presentados este jueves por la Secretar\u00eda de Salud estadual, contra 247.486 contabilizados en Espa\u00f1a &nbsp; El estado de San Pablo, el m\u00e1s populoso y opulento de Brasil, super\u00f3 hoy a Espa\u00f1a en n\u00famero de infectados con SARS-CoV-2, en el contexto de una curva ascendente en todo el pa\u00eds que podr\u00eda llegar a 166 mil fallecimientos en octubre. Las estad\u00edsticas de fallecimientos tambi\u00e9n est\u00e1n en alza en la ciudad m\u00e1s populosa de Am\u00e9rica de l Sur, con 13.759 casos positivos, donde&#8230;<\/p>\n","protected":false},"author":3,"featured_media":63495,"comment_status":"closed","ping_status":"closed","sticky":false,"template":"","format":"standard","meta":[],"categories":[4],"tags":[],"_links":{"self":[{"href":"https:\/\/www.actualidadadiario.com\/index.php\/wp-json\/wp\/v2\/posts\/63494"}],"collection":[{"href":"https:\/\/www.actualidadadiario.com\/index.php\/wp-json\/wp\/v2\/posts"}],"about":[{"href":"https:\/\/www.actualidadadiario.com\/index.php\/wp-json\/wp\/v2\/types\/post"}],"author":[{"embeddable":true,"href":"https:\/\/www.actualidadadiario.com\/index.php\/wp-json\/wp\/v2\/users\/3"}],"replies":[{"embeddable":true,"href":"https:\/\/www.actualidadadiario.com\/index.php\/wp-json\/wp\/v2\/comments?post=63494"}],"version-history":[{"count":1,"href":"https:\/\/www.actualidadadiario.com\/index.php\/wp-json\/wp\/v2\/posts\/63494\/revisions"}],"predecessor-version":[{"id":63496,"href":"https:\/\/www.actualidadadiario.com\/index.php\/wp-json\/wp\/v2\/posts\/63494\/revisions\/63496"}],"wp:featuredmedia":[{"embeddable":true,"href":"https:\/\/www.actualidadadiario.com\/index.php\/wp-json\/wp\/v2\/media\/63495"}],"wp:attachment":[{"href":"https:\/\/www.actualidadadiario.com\/index.php\/wp-json\/wp\/v2\/media?parent=63494"}],"wp:term":[{"taxonomy":"category","embeddable":true,"href":"https:\/\/www.actualidadadiario.com\/index.php\/wp-json\/wp\/v2\/categories?post=63494"},{"taxonomy":"post_tag","embeddable":true,"href":"https:\/\/www.actualidadadiario.com\/index.php\/wp-json\/wp\/v2\/tags?post=63494"}],"curies":[{"name":"wp","href":"https:\/\/api.w.org\/{rel}","templated":true}]}}