{"id":63476,"date":"2020-06-26T13:10:25","date_gmt":"2020-06-26T16:10:25","guid":{"rendered":"https:\/\/www.actualidadadiario.com\/?p=63476"},"modified":"2020-06-26T13:10:25","modified_gmt":"2020-06-26T16:10:25","slug":"el-gobierno-volvio-a-reclamar-la-intervencion-a-vicentin","status":"publish","type":"post","link":"https:\/\/www.actualidadadiario.com\/index.php\/2020\/06\/26\/el-gobierno-volvio-a-reclamar-la-intervencion-a-vicentin\/","title":{"rendered":"El gobierno volvi\u00f3 a reclamar la intervenci\u00f3n a Vicentin"},"content":{"rendered":"<p style=\"text-align: center;\"><em><strong>El Poder Ejecutivo apel\u00f3 la decisi\u00f3n del juez de la convocatoria que desplaz\u00f3 al Interventor nombrado por DNU y reclam\u00f3 su restablecimiento en el cargo<\/strong><\/em><\/p>\n<p>&nbsp;<\/p>\n<p>&nbsp;<\/p>\n<p>El gobierno nacional vuelve a la carga en la pelea por Vicent\u00edn. Apel\u00f3 la decisi\u00f3n del juez Lorenzini de reponer al frente de la conducci\u00f3n de la agroexportadora al antiguo Directorio de la compa\u00f1\u00eda, a la vez que degradar con el t\u00edtulo de veedores a los interventores propuestos por el Poder Ejecutivo. El rechazo de la resoluci\u00f3n emitida el viernes 19 se realiz\u00f3 a trav\u00e9s de dos notas: una presentada por el ahora veedor Luciano Zarich y otra por la Procuraci\u00f3n del Tesoro de la Naci\u00f3n. El gobierno nacional ten\u00eda plazo hasta ayer al mediod\u00eda para hacerlo.<\/p>\n<p>&nbsp;<\/p>\n<p><strong>La apelaci\u00f3n<\/strong><\/p>\n<p>En el recurso presentado, Zarich acusa al juez por &#8220;devolverle la Administraci\u00f3n a los Directores que est\u00e1n veros\u00edmilimente sospechados de estrellar una empresa de 90 a\u00f1os de trayectoria que act\u00faa en uno de los mercados m\u00e1s rentables del pa\u00eds&#8221;. Y\u00a0 resalta algunos hechos que el juez omiti\u00f3 en su fallo: las investigaciones en curso acerca de las triangulaciones de operaciones comerciales de la empresa a efectos de producir evasi\u00f3n fiscal, el vaciamiento de la empresa y los desprendimientos patrimoniales personales con la intenci\u00f3n de no tener que solventar con esos bienes en caso de que tuvieran que dar respuesta ante demandas judiciales.<\/p>\n<p>Tambi\u00e9n profundiza sobre el ocultamiento de informaci\u00f3n a los acreedores a los que Vicentin adeuda m\u00e1s de 99.000 millones de pesos. Entre otros requisitos t\u00e9cnicos, la empresa no present\u00f3 los estados contables del a\u00f1o 2019, una informaci\u00f3n imprescindible en el marco del concurso a la hora de evaluar su situaci\u00f3n econ\u00f3mica.<\/p>\n<p>M\u00e1s all\u00e1 de esta denuncia, las apelaciones cuestionan el accionar t\u00e9cnico del juez del fuero comercial por desobedecer un DNU del Poder Ejecutivo Nacional. Adem\u00e1s se lo acusa por la contradicci\u00f3n de que, a pesar de haberse declarado incompetente para resolver las pretensiones de quienes cuestionaron la constitucionalidad de la intervenci\u00f3n, tom\u00f3 dos decisiones importantes: reponer a los administradores responsables del estado de situaci\u00f3n actual de la empresa al frente de la misma y que los interventores designados por DNU fueran ahora veedores, con las (pocas) facultades que ello implica. &#8220;No se encontraba legalmente habilitado para dictar la medida cautelar que dispuso, ni ninguna otra&#8221;, explica el descargo de Zarich.<\/p>\n<p>Una vez respondida la resoluci\u00f3n del viernes, el Estado Nacional cuenta con dos opciones para continuar con la demanda judicial: una revocatoria ante el mismo juez, para que revea la decisi\u00f3n que dict\u00f3,\u00a0 o una apelaci\u00f3n al superior (C\u00e1mara). Preocupa entre abogados constitucionalistas el hecho de que la Ley de Concursos y Quiebras no contempla que las decisiones de este tipo sean apelables. Sin embargo, dadas las desprolijidades mencionadas anteriormente, el curso que puede tomar la causa a\u00fan no es tan claro.<\/p>\n<p>&nbsp;<\/p>\n<p><strong>Media sanci\u00f3n para la Bicameral<\/strong><\/p>\n<p>Mientras el proceso judicial sigue su curso, el Senado aprob\u00f3 la media sanci\u00f3n para la creaci\u00f3n de la Bicameral Investigadora sobre la deuda de la empresa con el Banco Naci\u00f3n. El objetivo es investigar las posibles maniobras irregulares de la relaci\u00f3n crediticia entre el Banco y la empresa. Adem\u00e1s, profundizar\u00e1 en las investigaciones por estafas a acreedores, clientes y empresas competidoras dada su posici\u00f3n dominante entre 2016 y 2019.<\/p>\n<p>Claudio Lozano, integrante del directorio del Banco Naci\u00f3n, uno de los actores protag\u00f3nicos que aport\u00f3 informaci\u00f3n clave para revelar el accionar de la empresa y adem\u00e1s es querellante en el caso,\u00a0 explic\u00f3 que &#8220;el camino concursal es un procedimiento que va a llevar mucho tiempo, por eso hay que estar atento para evitar que se convalide la estafa\u201d.<\/p>\n<p>En un encuentro que mantuvieron junto con Eduardo Hecker, presidente del Banco, y representantes de distintas organizaciones con inserci\u00f3n en actividades gremiales, econ\u00f3micas y sociales, Hecker aclar\u00f3 que el objetivo de la entidad es cobrar los 300 millones de d\u00f3lares que Vicent\u00edn le debe al Banco, porque en definitiva \u201cesa plata son cr\u00e9ditos para las Pymes, para sostener y crear fuentes de trabajo y ayudar al crecimiento del pa\u00eds\u201d. Si bien en estos tres meses el Banco Naci\u00f3n otorg\u00f3 pr\u00e9stamos exclusivamente a las Pymes por un monto mayor a lo que debe Vicent\u00edn, Hecker resalt\u00f3 que &#8220;es importante recuperar ese dinero para continuar reforzando estas l\u00edneas de cr\u00e9ditos\u201d.<\/p>\n","protected":false},"excerpt":{"rendered":"<p>El Poder Ejecutivo apel\u00f3 la decisi\u00f3n del juez de la convocatoria que desplaz\u00f3 al Interventor nombrado por DNU y reclam\u00f3 su restablecimiento en el cargo &nbsp; &nbsp; El gobierno nacional vuelve a la carga en la pelea por Vicent\u00edn. Apel\u00f3 la decisi\u00f3n del juez Lorenzini de reponer al frente de la conducci\u00f3n de la agroexportadora al antiguo Directorio de la compa\u00f1\u00eda, a la vez que degradar con el t\u00edtulo de veedores a los interventores propuestos por el Poder Ejecutivo. El rechazo de la resoluci\u00f3n emitida el viernes 19 se realiz\u00f3&#8230;<\/p>\n","protected":false},"author":3,"featured_media":63477,"comment_status":"closed","ping_status":"closed","sticky":false,"template":"","format":"standard","meta":[],"categories":[18],"tags":[],"_links":{"self":[{"href":"https:\/\/www.actualidadadiario.com\/index.php\/wp-json\/wp\/v2\/posts\/63476"}],"collection":[{"href":"https:\/\/www.actualidadadiario.com\/index.php\/wp-json\/wp\/v2\/posts"}],"about":[{"href":"https:\/\/www.actualidadadiario.com\/index.php\/wp-json\/wp\/v2\/types\/post"}],"author":[{"embeddable":true,"href":"https:\/\/www.actualidadadiario.com\/index.php\/wp-json\/wp\/v2\/users\/3"}],"replies":[{"embeddable":true,"href":"https:\/\/www.actualidadadiario.com\/index.php\/wp-json\/wp\/v2\/comments?post=63476"}],"version-history":[{"count":1,"href":"https:\/\/www.actualidadadiario.com\/index.php\/wp-json\/wp\/v2\/posts\/63476\/revisions"}],"predecessor-version":[{"id":63478,"href":"https:\/\/www.actualidadadiario.com\/index.php\/wp-json\/wp\/v2\/posts\/63476\/revisions\/63478"}],"wp:featuredmedia":[{"embeddable":true,"href":"https:\/\/www.actualidadadiario.com\/index.php\/wp-json\/wp\/v2\/media\/63477"}],"wp:attachment":[{"href":"https:\/\/www.actualidadadiario.com\/index.php\/wp-json\/wp\/v2\/media?parent=63476"}],"wp:term":[{"taxonomy":"category","embeddable":true,"href":"https:\/\/www.actualidadadiario.com\/index.php\/wp-json\/wp\/v2\/categories?post=63476"},{"taxonomy":"post_tag","embeddable":true,"href":"https:\/\/www.actualidadadiario.com\/index.php\/wp-json\/wp\/v2\/tags?post=63476"}],"curies":[{"name":"wp","href":"https:\/\/api.w.org\/{rel}","templated":true}]}}