{"id":63468,"date":"2020-06-26T13:07:53","date_gmt":"2020-06-26T16:07:53","guid":{"rendered":"https:\/\/www.actualidadadiario.com\/?p=63468"},"modified":"2020-06-26T13:07:53","modified_gmt":"2020-06-26T16:07:53","slug":"pichetto-fue-designado-auditor-en-la-agn","status":"publish","type":"post","link":"https:\/\/www.actualidadadiario.com\/index.php\/2020\/06\/26\/pichetto-fue-designado-auditor-en-la-agn\/","title":{"rendered":"Pichetto fue designado auditor en la AGN"},"content":{"rendered":"<p style=\"text-align: center;\"><em><strong>La C\u00e1mara de Diputados aprob\u00f3 su nombramiento impulsado por Juntos por el Cambio y con la abstenci\u00f3n del Frente de Todos. Tendr\u00e1 mandato hasta 2021<\/strong><\/em><\/p>\n<p>&nbsp;<\/p>\n<p>&nbsp;<\/p>\n<p>La C\u00e1mara de Diputados design\u00f3 este jueves como auditor en la Auditor\u00eda General de la Naci\u00f3n, en representaci\u00f3n de la oposici\u00f3n, al ex candidato a vicepresidente por Juntos por el Cambio Miguel \u00c1ngel Pichetto en una votaci\u00f3n en la cual el Frente de Todos se abstuvo y la izquierda se opuso.<\/p>\n<p>La moci\u00f3n fue planteada por el jefe del bloque del PRO, Cristian Ritondo, quien afirm\u00f3 que el ex candidato presidencial de Juntos por el Cambio &#8220;re\u00fane la calidad t\u00e9cnica y personal&#8221; para desempe\u00f1arse como miembro de la AGN hasta diciembre de 2021 para completar el mandato de Jes\u00fas Luis Rodr\u00edguez, quien asumi\u00f3 como presidente del organismo en marzo pasado.<\/p>\n<p>La vicepresidenta del bloque del Frente de Todos, Cecilia Moreau, anunci\u00f3 la abstenci\u00f3n de ese espacio pol\u00edtico al cuestionar la decisi\u00f3n de Juntos por el Cambio de haber impulsado el nombramiento de Pichetto por sus declaraciones &#8220;xen\u00f3fobas&#8221; en &#8220;contra los inmigrantes y los sectores m\u00e1s pobres&#8221;.<\/p>\n<p>La legisladora objet\u00f3 las declaraciones que viene realizando Pichetto al afirmar que se expresa &#8220;de manera cada vez m\u00e1s frecuente sobre los sectores m\u00e1s vulnerables de la Argentina, que son a su vez los que necesitan m\u00e1s presencia del Estado, ni que hablar en estos momentos de pandemia\u201d.<\/p>\n<p>En ese sentido, Moreau observ\u00f3: &#8220;Nos preocupa mucho la estigmatizaci\u00f3n continua y pertinaz que tiene sobre, por ejemplo, los inmigrantes de pueblos hermanos de Argentina&#8221;.<\/p>\n<p>A su turno, el diputado del Frente de Izquierda Nicol\u00e1s del Ca\u00f1o anticip\u00f3 que votar\u00eda en contra, al igual que su compa\u00f1era Romina del Pl\u00e1.<\/p>\n<p>La moci\u00f3n fue aprobada en votaci\u00f3n a mano alzada, por lo que el presidente de la C\u00e1mara, Sergio Massa anunci\u00f3 que le tomar\u00eda juramento a Pichetto &#8220;en fecha a determinar&#8221;.<\/p>\n<p>La propuesta de impulsar a Pichetto fue formalizada hace quince d\u00edas por la conducci\u00f3n de Juntos por el Cambio ante Massa, tras un acuerdo al que llegaron el PRO, la UCR y la Coalici\u00f3n C\u00edvica.<\/p>\n<p>Lugo de perder las elecciones de 2019, Pichetto hab\u00eda manifestado su intenci\u00f3n, por pedido del ex presidente Mauricio Macri, de ser el titular de la AGN. Sin embargo, ese puesto le correspondi\u00f3 finalmente al radicalismo, por ser el partido opositor con m\u00e1s bancas en la C\u00e1mara Baja.<\/p>\n<p>De este modo, la UCR eligi\u00f3 designar en el cargo al ex ministro de Econom\u00eda durante los \u00faltimos meses de la presidencia de Ra\u00fal Alfons\u00edn Jes\u00fas Rodr\u00edguez, hasta entonces auditor raso. Pichetto fue nombrado ahora en el cargo que Rodr\u00edguez dej\u00f3 vacante para asumir la titularidad del organismo.<\/p>\n","protected":false},"excerpt":{"rendered":"<p>La C\u00e1mara de Diputados aprob\u00f3 su nombramiento impulsado por Juntos por el Cambio y con la abstenci\u00f3n del Frente de Todos. Tendr\u00e1 mandato hasta 2021 &nbsp; &nbsp; La C\u00e1mara de Diputados design\u00f3 este jueves como auditor en la Auditor\u00eda General de la Naci\u00f3n, en representaci\u00f3n de la oposici\u00f3n, al ex candidato a vicepresidente por Juntos por el Cambio Miguel \u00c1ngel Pichetto en una votaci\u00f3n en la cual el Frente de Todos se abstuvo y la izquierda se opuso. La moci\u00f3n fue planteada por el jefe del bloque del PRO, Cristian&#8230;<\/p>\n","protected":false},"author":3,"featured_media":52476,"comment_status":"closed","ping_status":"closed","sticky":false,"template":"","format":"standard","meta":[],"categories":[18],"tags":[],"_links":{"self":[{"href":"https:\/\/www.actualidadadiario.com\/index.php\/wp-json\/wp\/v2\/posts\/63468"}],"collection":[{"href":"https:\/\/www.actualidadadiario.com\/index.php\/wp-json\/wp\/v2\/posts"}],"about":[{"href":"https:\/\/www.actualidadadiario.com\/index.php\/wp-json\/wp\/v2\/types\/post"}],"author":[{"embeddable":true,"href":"https:\/\/www.actualidadadiario.com\/index.php\/wp-json\/wp\/v2\/users\/3"}],"replies":[{"embeddable":true,"href":"https:\/\/www.actualidadadiario.com\/index.php\/wp-json\/wp\/v2\/comments?post=63468"}],"version-history":[{"count":1,"href":"https:\/\/www.actualidadadiario.com\/index.php\/wp-json\/wp\/v2\/posts\/63468\/revisions"}],"predecessor-version":[{"id":63469,"href":"https:\/\/www.actualidadadiario.com\/index.php\/wp-json\/wp\/v2\/posts\/63468\/revisions\/63469"}],"wp:featuredmedia":[{"embeddable":true,"href":"https:\/\/www.actualidadadiario.com\/index.php\/wp-json\/wp\/v2\/media\/52476"}],"wp:attachment":[{"href":"https:\/\/www.actualidadadiario.com\/index.php\/wp-json\/wp\/v2\/media?parent=63468"}],"wp:term":[{"taxonomy":"category","embeddable":true,"href":"https:\/\/www.actualidadadiario.com\/index.php\/wp-json\/wp\/v2\/categories?post=63468"},{"taxonomy":"post_tag","embeddable":true,"href":"https:\/\/www.actualidadadiario.com\/index.php\/wp-json\/wp\/v2\/tags?post=63468"}],"curies":[{"name":"wp","href":"https:\/\/api.w.org\/{rel}","templated":true}]}}