{"id":63462,"date":"2020-06-26T13:06:17","date_gmt":"2020-06-26T16:06:17","guid":{"rendered":"https:\/\/www.actualidadadiario.com\/?p=63462"},"modified":"2020-06-26T13:06:17","modified_gmt":"2020-06-26T16:06:17","slug":"espionaje-ilegal-allanaron-la-casa-de-un-exsecretario-privado-de-macri","status":"publish","type":"post","link":"https:\/\/www.actualidadadiario.com\/index.php\/2020\/06\/26\/espionaje-ilegal-allanaron-la-casa-de-un-exsecretario-privado-de-macri\/","title":{"rendered":"Espionaje ilegal: allanaron la casa de un exsecretario privado de Macri"},"content":{"rendered":"<p style=\"text-align: center;\"><em><strong>La Polic\u00eda Federal allan\u00f3 la vivienda de Dar\u00edo Nieto, en el marco de la causa en la que se investigan supuestas maniobras de espionaje ilegal desplegadas desde la Agencia Federal de Inteligencia (AFI) durante el gobierno de Cambiemos<\/strong><\/em><\/p>\n<p>&nbsp;<\/p>\n<p>&nbsp;<\/p>\n<p>La orden de allanamiento fue librada por el juez del caso, Federico Villena, y tuvo como principal objetivo el domicilio de Nieto, un joven que se desempe\u00f1\u00f3 como ex secretario privado administrativo de la Coordinaci\u00f3n General de Asuntos Presidenciales.<\/p>\n<p>Fuentes judiciales sindicaron a Nieto como la persona que intermediaba entre el ex presidente Macri y la ex directora de Documentaci\u00f3n Presidencial, Susana Martinengo, quien aparece en el expediente como quien recibi\u00f3 al menos una docena de veces en Casa Rosada a los esp\u00edas acusados de hacer espionaje ilegal sobre ex funcionarios, sindicalistas y periodistas, entre otras v\u00edctimas.<\/p>\n<p>En el allanamiento del departamento ubicado en un edificio de la calle Guatemala al 4700, en el barrio porte\u00f1o de Palermo, el juez orden\u00f3 secuestrar computadoras, tel\u00e9fonos celulares, pendrives y notebooks, adem\u00e1s de documentos y libretas que pudieran aportar informaci\u00f3n al expediente.<\/p>\n<p>El procedimiento en la vivienda de Nieto no fue el \u00fanico de la jornada: se produjeron cuatro allanamientos simult\u00e1neos en distintos puntos de la Ciudad de Buenos Aires; tres en domicilios particulares y uno en un estacionamiento, en los barrios porte\u00f1os de Palermo y Recoleta, seg\u00fan pudo reconstruir T\u00e9lam.<\/p>\n<p>Durante el allanamiento de Nieto se produjo un incidente que dispar\u00f3 los rumores de su detenci\u00f3n, que finalmente no se concret\u00f3: como estaba fuera de su casa, cuando vio que lleg\u00f3 la Polic\u00eda en lugar de facilitar el operativo se recluy\u00f3 en su auto y envi\u00f3 algunos mensajes de texto en los que habr\u00eda informado que lo detendr\u00edan.<\/p>\n<p>Finalmente Nieto accedi\u00f3 a colaborar con los agentes que encabezaron el operativo y la polic\u00eda pudo secuestrar los elementos requeridos por el juez Villena, en un operativo que se realiz\u00f3 con la delicadeza del caso dado que el investigado fue padre hace poco tiempo.<\/p>\n<p>La justicia segu\u00eda los pasos de Nieto hace varios d\u00edas luego de que su nombre apareciera en comunicaciones entre imputados en el expediente que tramita en Lomas de Zamora, seg\u00fan pudo averiguar de T\u00e9lam de fuentes judiciales.<\/p>\n<p>En esta causa se investiga a &#8220;una organizaci\u00f3n criminal con inserci\u00f3n en el Estado Nacional, Provincial y Local, cuyos integrantes, cumpliendo diferentes roles estrat\u00e9gicos y vali\u00e9ndose de su calidad de funcionarios y\/o empleados p\u00fablicos y agentes y\/o dependientes de las Fuerzas de Seguridad y\/o de la Agencia Federal de Inteligencia, habr\u00edan llevado a cabo distintas maniobras il\u00edcitas de car\u00e1cter indeterminado y realizado tareas de inteligencia y\/o espionaje en infracci\u00f3n a la ley 25.520, en distintos periodos y abarcando diversas jurisdicciones&#8221;, seg\u00fan consta en el expediente.<\/p>\n<p>Algunas de las maniobras \u201chabr\u00edan consistido en obtener informaci\u00f3n, producir inteligencia y almacenar datos sobre personas por el hecho de su raza, fe religiosa, acciones privadas, opini\u00f3n pol\u00edtica, o de adhesi\u00f3n o pertenencia a organizaciones partidarias, sociales, sindicales, comunitarias, cooperativas, asistenciales, culturales o laborales, o por la actividad l\u00edcita que desarrollaran las v\u00edctimas, y\/o con el objeto de influir en la situaci\u00f3n institucional, pol\u00edtica, social, econ\u00f3mica, en la vida interna de los partidos pol\u00edticos, en la opini\u00f3n p\u00fablica, en personas, en medios de difusi\u00f3n o asociaciones o agrupaciones\u201d.<\/p>\n","protected":false},"excerpt":{"rendered":"<p>La Polic\u00eda Federal allan\u00f3 la vivienda de Dar\u00edo Nieto, en el marco de la causa en la que se investigan supuestas maniobras de espionaje ilegal desplegadas desde la Agencia Federal de Inteligencia (AFI) durante el gobierno de Cambiemos &nbsp; &nbsp; La orden de allanamiento fue librada por el juez del caso, Federico Villena, y tuvo como principal objetivo el domicilio de Nieto, un joven que se desempe\u00f1\u00f3 como ex secretario privado administrativo de la Coordinaci\u00f3n General de Asuntos Presidenciales. Fuentes judiciales sindicaron a Nieto como la persona que intermediaba entre&#8230;<\/p>\n","protected":false},"author":3,"featured_media":63463,"comment_status":"closed","ping_status":"closed","sticky":false,"template":"","format":"standard","meta":[],"categories":[9],"tags":[],"_links":{"self":[{"href":"https:\/\/www.actualidadadiario.com\/index.php\/wp-json\/wp\/v2\/posts\/63462"}],"collection":[{"href":"https:\/\/www.actualidadadiario.com\/index.php\/wp-json\/wp\/v2\/posts"}],"about":[{"href":"https:\/\/www.actualidadadiario.com\/index.php\/wp-json\/wp\/v2\/types\/post"}],"author":[{"embeddable":true,"href":"https:\/\/www.actualidadadiario.com\/index.php\/wp-json\/wp\/v2\/users\/3"}],"replies":[{"embeddable":true,"href":"https:\/\/www.actualidadadiario.com\/index.php\/wp-json\/wp\/v2\/comments?post=63462"}],"version-history":[{"count":1,"href":"https:\/\/www.actualidadadiario.com\/index.php\/wp-json\/wp\/v2\/posts\/63462\/revisions"}],"predecessor-version":[{"id":63464,"href":"https:\/\/www.actualidadadiario.com\/index.php\/wp-json\/wp\/v2\/posts\/63462\/revisions\/63464"}],"wp:featuredmedia":[{"embeddable":true,"href":"https:\/\/www.actualidadadiario.com\/index.php\/wp-json\/wp\/v2\/media\/63463"}],"wp:attachment":[{"href":"https:\/\/www.actualidadadiario.com\/index.php\/wp-json\/wp\/v2\/media?parent=63462"}],"wp:term":[{"taxonomy":"category","embeddable":true,"href":"https:\/\/www.actualidadadiario.com\/index.php\/wp-json\/wp\/v2\/categories?post=63462"},{"taxonomy":"post_tag","embeddable":true,"href":"https:\/\/www.actualidadadiario.com\/index.php\/wp-json\/wp\/v2\/tags?post=63462"}],"curies":[{"name":"wp","href":"https:\/\/api.w.org\/{rel}","templated":true}]}}