{"id":63457,"date":"2020-06-26T13:03:58","date_gmt":"2020-06-26T16:03:58","guid":{"rendered":"https:\/\/www.actualidadadiario.com\/?p=63457"},"modified":"2020-06-26T13:03:58","modified_gmt":"2020-06-26T16:03:58","slug":"a-horas-de-la-nueva-extension-de-la-cuarentena-salud-insto-a-redoblar-los-esfuerzos","status":"publish","type":"post","link":"https:\/\/www.actualidadadiario.com\/index.php\/2020\/06\/26\/a-horas-de-la-nueva-extension-de-la-cuarentena-salud-insto-a-redoblar-los-esfuerzos\/","title":{"rendered":"A horas de la nueva extensi\u00f3n de la cuarentena, Salud inst\u00f3 a &#8220;redoblar los esfuerzos&#8221;"},"content":{"rendered":"<p style=\"text-align: center;\"><em><strong>La cartera sanitaria hizo hincapi\u00e9 en la necesidad de &#8220;minimizar el contacto con otras personas&#8221;, y llam\u00f3 a garantizar el rol individual para el cumplimento de las medidas sanitarias<\/strong><\/em><\/p>\n<p>&nbsp;<\/p>\n<p>&nbsp;<\/p>\n<p>El Ministerio de Salud volvi\u00f3 a remarcar la necesidad de respetar el aislamiento preventivo en las \u00e1reas que avanzaron hacia una cuarentena m\u00e1s flexible, y pidi\u00f3 &#8220;redoblar los esfuerzos&#8221; en las zonas en donde contin\u00faan bajo circulaci\u00f3n local del Covid-19.<\/p>\n<p>A horas del anuncio oficial de la extensi\u00f3n de la cuarentena, la secretaria de Acceso a la Salud, Carla Vizzotti, enfatiz\u00f3 en que &#8220;resulta clave&#8221; el rol individual para logra atenuar el impacto del coronavirus en el pa\u00eds.<\/p>\n<p>&#8220;En los departamentos en los que se avanz\u00f3 hacia una apertura progresiva, es necesario seguir trabajando y continuar con el cumplimiento y las recomendaciones, para minimizar la posibilidad de tener casos nuevos, brotes y conglomerados&#8221;, destac\u00f3.<\/p>\n<p>Acerca de los distritos que contin\u00faan con circulaci\u00f3n comunitaria del virus, inst\u00f3 a &#8220;volver a fortalecer las recomendaciones en relaci\u00f3n a la consulta precoz y al aislamiento de los contactos estrechos para minimizar el contacto con otras personas&#8221;.<\/p>\n<p>&#8220;En el \u00c1rea Metropolitana tambi\u00e9n pedimos volver a redoblar los esfuerzos. Ese rol individual es clave; el contacto con el sistema de salud para reportar s\u00edntomas, y asegurar el aislamiento es muy importante&#8221;, subray\u00f3 Vizzotti.<\/p>\n<p>Sobre el anunci\u00f3 de este mediod\u00eda a cargo del presidente Alberto Fern\u00e1ndez, la funcionaria anticip\u00f3 que durante la jornada del jueves se avanz\u00f3 junto al gobernador bonaerense Axel Kicillof, el jefe de Gobierno porte\u00f1o, Horacio Rodr\u00edguez Larreta, y el ministro de Salud, Gines Gonz\u00e1lez Garc\u00eda, en el dise\u00f1o de nuevas medidas en conjunto que se aplicar\u00e1n en los pr\u00f3ximos pasos.<\/p>\n<p>&nbsp;<\/p>\n<p><strong>Coronavirus en Argentina<\/strong><\/p>\n<p>Este viernes 26 de junio el subsecretario de Estrategias Sanitarias, Alejandro Costa, inform\u00f3 17 nuevas muertes en el pa\u00eds por coronavirus, lo que deja un total de 1.167 v\u00edctimas fatales.<\/p>\n<p>En el relevamiento de este jueves, el AMBA concentr\u00f3 el 93% de tests detectados, mientras que la ocupaci\u00f3n de las camas de terapia intensiva trep\u00f3 a 54,1%<\/p>\n<p>Catamarca contin\u00faa sin reportar casos, y las regiones que registran transmisi\u00f3n comunitaria son: AMBA Resistencia, Barranqueras, Fontana, Puerto Vilelas, Ciudad de C\u00f3rdoba, Bariloche, Cipolletti, General Roca, Neuqu\u00e9n, Plottier, Centenario y Trelew.<\/p>\n","protected":false},"excerpt":{"rendered":"<p>La cartera sanitaria hizo hincapi\u00e9 en la necesidad de &#8220;minimizar el contacto con otras personas&#8221;, y llam\u00f3 a garantizar el rol individual para el cumplimento de las medidas sanitarias &nbsp; &nbsp; El Ministerio de Salud volvi\u00f3 a remarcar la necesidad de respetar el aislamiento preventivo en las \u00e1reas que avanzaron hacia una cuarentena m\u00e1s flexible, y pidi\u00f3 &#8220;redoblar los esfuerzos&#8221; en las zonas en donde contin\u00faan bajo circulaci\u00f3n local del Covid-19. A horas del anuncio oficial de la extensi\u00f3n de la cuarentena, la secretaria de Acceso a la Salud, Carla&#8230;<\/p>\n","protected":false},"author":3,"featured_media":61242,"comment_status":"closed","ping_status":"closed","sticky":false,"template":"","format":"standard","meta":[],"categories":[2],"tags":[],"_links":{"self":[{"href":"https:\/\/www.actualidadadiario.com\/index.php\/wp-json\/wp\/v2\/posts\/63457"}],"collection":[{"href":"https:\/\/www.actualidadadiario.com\/index.php\/wp-json\/wp\/v2\/posts"}],"about":[{"href":"https:\/\/www.actualidadadiario.com\/index.php\/wp-json\/wp\/v2\/types\/post"}],"author":[{"embeddable":true,"href":"https:\/\/www.actualidadadiario.com\/index.php\/wp-json\/wp\/v2\/users\/3"}],"replies":[{"embeddable":true,"href":"https:\/\/www.actualidadadiario.com\/index.php\/wp-json\/wp\/v2\/comments?post=63457"}],"version-history":[{"count":1,"href":"https:\/\/www.actualidadadiario.com\/index.php\/wp-json\/wp\/v2\/posts\/63457\/revisions"}],"predecessor-version":[{"id":63458,"href":"https:\/\/www.actualidadadiario.com\/index.php\/wp-json\/wp\/v2\/posts\/63457\/revisions\/63458"}],"wp:featuredmedia":[{"embeddable":true,"href":"https:\/\/www.actualidadadiario.com\/index.php\/wp-json\/wp\/v2\/media\/61242"}],"wp:attachment":[{"href":"https:\/\/www.actualidadadiario.com\/index.php\/wp-json\/wp\/v2\/media?parent=63457"}],"wp:term":[{"taxonomy":"category","embeddable":true,"href":"https:\/\/www.actualidadadiario.com\/index.php\/wp-json\/wp\/v2\/categories?post=63457"},{"taxonomy":"post_tag","embeddable":true,"href":"https:\/\/www.actualidadadiario.com\/index.php\/wp-json\/wp\/v2\/tags?post=63457"}],"curies":[{"name":"wp","href":"https:\/\/api.w.org\/{rel}","templated":true}]}}