{"id":63453,"date":"2020-06-26T13:02:21","date_gmt":"2020-06-26T16:02:21","guid":{"rendered":"https:\/\/www.actualidadadiario.com\/?p=63453"},"modified":"2020-06-26T13:02:21","modified_gmt":"2020-06-26T16:02:21","slug":"habra-vuelos-semanales-a-europa-desde-julio","status":"publish","type":"post","link":"https:\/\/www.actualidadadiario.com\/index.php\/2020\/06\/26\/habra-vuelos-semanales-a-europa-desde-julio\/","title":{"rendered":"Habr\u00e1 vuelos semanales a Europa desde julio"},"content":{"rendered":"<p style=\"text-align: center;\"><em><strong>Tambi\u00e9n habr\u00e1 vuelos especiales a Miami, Roma y Tel Aviv. No son solo para los &#8220;varados&#8221; por la pandemia sino que podr\u00e1n acceder todos los interesados en viajar. Forman parte de la transici\u00f3n hacia el 1\u00ba de setiembre, cuando est\u00e1 previsto que se renueve la actividad<\/strong><\/em><\/p>\n<p>&nbsp;<\/p>\n<p>&nbsp;<\/p>\n<p>Como consecuencia de la pandemia de coronavirus, los vuelos internacionales se vieron restringidos y, en el caso de la Argentina, no habr\u00e1 actividad hasta el pr\u00f3ximo 1\u00ba de septiembre. Sin embargo, desde julio se encarar\u00e1 un esquema de frecuencias fijas a algunas de las principales capitales europeas. Esto ser\u00e1 para cualquiera que desee viajar, no solamente para los ciudadanos varados en el exterior.<\/p>\n<p>De por s\u00ed ya hay un acuerdo con Iberia para viajes entre Ezeiza y Barajas, a lo que se suman convenios similares con KLM y Air France, con lo que no solamente se viajar\u00e1 a Madrid, sino tambi\u00e9n a \u00c1msterdam y Par\u00eds. En el Ministerio de Relaciones Exteriores dejaron trascender que se est\u00e1n negociando convenios con otras compa\u00f1\u00edas.<\/p>\n<p>La ruta entre Buenos Aires y Madrid se cubrir\u00e1 todos los s\u00e1bados desde el 4 de julio hasta el 1\u00ba de agosto.\u00a0 Entre el 7 de julio y el 12 de agosto, los martes habr\u00e1 vuelos a la capital de los Pa\u00edses Bajos. Por su parte, los vuelos a Par\u00eds se har\u00e1n el viernes 3, el domingo 12, el domingo 19 de julio. Desde el 28 de julio, habr\u00e1 vuelos a Francia cada martes hasta el 1\u00ba de septiembre.<\/p>\n<p>A estos vuelos se suman otros cuatro: el 2 de julio a Tel Aviv, el 3 a Roma y dos vuelos a Miami, el 21 y el 30. A diferencia de los anteriores, estos vuelos no tendr\u00e1n una frecuencia semanal.<\/p>\n<p>Estos viajes ser\u00e1n para todos los ciudadanos que deseen salir del pa\u00eds, que a su paso por Migraciones deber\u00e1n firmar una declaraci\u00f3n jurada por la cual renuncian a reclamar asistencia al Gobierno para volver a la Argentina.<\/p>\n<p>El texto en cuesti\u00f3n es el siguiente: &#8220;Declaro conocer que el Estado argentino no podr\u00e1 garantizar mi regreso al pa\u00eds durante el plazo de tiempo en el que se encuentran suspendidos los vuelos internacionales de pasajeros provenientes de las &#8216;zonas afectadas'&#8221;.<\/p>\n<p>&nbsp;<\/p>\n<p><strong>Vuelos especiales a Espa\u00f1a<\/strong><\/p>\n<p>Mientras tanto, se mantienen los vuelos especiales ya programados. En la noche del jueves, Aerol\u00edneas Argentinas confirm\u00f3 dos nuevos vuelos hacia Madrid el 15 y el 29 de julio, que repatriar\u00e1n a ciudadanos argentinos varados en distintos puntos de Europa por las restricciones impuestas para contener la propagaci\u00f3n de la covid-19.<\/p>\n<p>Seg\u00fan informaron fuentes de la compa\u00f1\u00eda de bandera, los nuevos vuelos se encuentran habilitados, en su tramo de ida, tanto para residentes espa\u00f1oles como para aquellos pasajeros con pasaporte de la Comunidad Europea con conexiones a otros destinos dentro de las 24 horas posteriores al arribo del vuelo al aeropuerto de Barajas. Estas condiciones no las impone la Argentina sino el pa\u00eds de destino. En los tramos de ida se habilitaron un total de 125 asientos por avi\u00f3n mientras que los regresos trasladar\u00e1n 243 pasajeros por vuelo.<\/p>\n","protected":false},"excerpt":{"rendered":"<p>Tambi\u00e9n habr\u00e1 vuelos especiales a Miami, Roma y Tel Aviv. No son solo para los &#8220;varados&#8221; por la pandemia sino que podr\u00e1n acceder todos los interesados en viajar. Forman parte de la transici\u00f3n hacia el 1\u00ba de setiembre, cuando est\u00e1 previsto que se renueve la actividad &nbsp; &nbsp; Como consecuencia de la pandemia de coronavirus, los vuelos internacionales se vieron restringidos y, en el caso de la Argentina, no habr\u00e1 actividad hasta el pr\u00f3ximo 1\u00ba de septiembre. Sin embargo, desde julio se encarar\u00e1 un esquema de frecuencias fijas a algunas&#8230;<\/p>\n","protected":false},"author":3,"featured_media":59085,"comment_status":"closed","ping_status":"closed","sticky":false,"template":"","format":"standard","meta":[],"categories":[2],"tags":[],"_links":{"self":[{"href":"https:\/\/www.actualidadadiario.com\/index.php\/wp-json\/wp\/v2\/posts\/63453"}],"collection":[{"href":"https:\/\/www.actualidadadiario.com\/index.php\/wp-json\/wp\/v2\/posts"}],"about":[{"href":"https:\/\/www.actualidadadiario.com\/index.php\/wp-json\/wp\/v2\/types\/post"}],"author":[{"embeddable":true,"href":"https:\/\/www.actualidadadiario.com\/index.php\/wp-json\/wp\/v2\/users\/3"}],"replies":[{"embeddable":true,"href":"https:\/\/www.actualidadadiario.com\/index.php\/wp-json\/wp\/v2\/comments?post=63453"}],"version-history":[{"count":1,"href":"https:\/\/www.actualidadadiario.com\/index.php\/wp-json\/wp\/v2\/posts\/63453\/revisions"}],"predecessor-version":[{"id":63454,"href":"https:\/\/www.actualidadadiario.com\/index.php\/wp-json\/wp\/v2\/posts\/63453\/revisions\/63454"}],"wp:featuredmedia":[{"embeddable":true,"href":"https:\/\/www.actualidadadiario.com\/index.php\/wp-json\/wp\/v2\/media\/59085"}],"wp:attachment":[{"href":"https:\/\/www.actualidadadiario.com\/index.php\/wp-json\/wp\/v2\/media?parent=63453"}],"wp:term":[{"taxonomy":"category","embeddable":true,"href":"https:\/\/www.actualidadadiario.com\/index.php\/wp-json\/wp\/v2\/categories?post=63453"},{"taxonomy":"post_tag","embeddable":true,"href":"https:\/\/www.actualidadadiario.com\/index.php\/wp-json\/wp\/v2\/tags?post=63453"}],"curies":[{"name":"wp","href":"https:\/\/api.w.org\/{rel}","templated":true}]}}