{"id":63450,"date":"2020-06-26T13:01:06","date_gmt":"2020-06-26T16:01:06","guid":{"rendered":"https:\/\/www.actualidadadiario.com\/?p=63450"},"modified":"2020-06-26T13:01:06","modified_gmt":"2020-06-26T16:01:06","slug":"misiones-la-primera-provincia-que-aprueba-pasaporte-sanitario","status":"publish","type":"post","link":"https:\/\/www.actualidadadiario.com\/index.php\/2020\/06\/26\/misiones-la-primera-provincia-que-aprueba-pasaporte-sanitario\/","title":{"rendered":"Misiones, la primera provincia que aprueba pasaporte sanitario"},"content":{"rendered":"<p style=\"text-align: center;\"><em><strong>Misiones se convirti\u00f3 en la primera provincia argentina en aprobar por ley el pasaporte sanitario en medio de la pandemia del coronavirus<\/strong><\/em><\/p>\n<p>&nbsp;<\/p>\n<p>Lo deber\u00e1n tramitar los que ingresen que la provincia y que adem\u00e1s tendr\u00e1n la obligatoriedad de realizar el aislamiento social preventivo. Si bien esto \u00faltimo lo est\u00e1n haciendo desde el primer d\u00eda que empezaron a regresar los misioneros que est\u00e1n en otras provincias, ahora la medida tiene marco legislativo que la ampara.<\/p>\n<p>Otra de las novedades que lleg\u00f3 con la pandemia son los t\u00faneles sanitizantes. De a poco empezaron a verse iniciativas de elaboraci\u00f3n e implementaci\u00f3n. La ley prev\u00e9 la creaci\u00f3n de &#8220;Puestos Sanitarios de Desinfecci\u00f3n como medida de salud p\u00fablica para la prevenci\u00f3n y control de infecciones respiratorias agudas de alta transmisibilidad bajo vigilancia epidemiol\u00f3gica&#8221;. El fin que es sean aplicables tanto sobre personas como sobre veh\u00edculos particulares, de carga comercial, de transporte de pasajeros, as\u00ed como cualquier otro medio de transporte.<\/p>\n<p>Los diputados provinciales de Misiones dieron sanci\u00f3n adem\u00e1s a la ley que establece la obligatoriedad del uso de barbijos ante toda emergencia epidemiol\u00f3gica y sanitaria decretada por enfermedades respiratorias de origen multicausal.<\/p>\n<p>&#8220;Lo que no est\u00e1 prohibido, est\u00e1 permitido&#8221;, reza el slogan de la viveza criolla caracter\u00edstica de la argentinidad al palo. Por lo que, priorizando la salud de toda la poblaci\u00f3n, se vuelve necesario establecer por ley la &#8220;obligatoriedad del uso de elementos de protecci\u00f3n facial que cubran nariz, boca y ment\u00f3n, para todas las personas que permanezcan o circulen en la v\u00eda p\u00fablica, lugares p\u00fablicos, transporte p\u00fablico o privado de pasajeros, \u00f3rganos del estado provincial, organismos de la constituci\u00f3n y otros espacios privados de acceso al p\u00fablico&#8221;, seg\u00fan reza el primer cap\u00edtulo de la norma.<\/p>\n<p>Un punto importante es que se establecen multas para quienes incumplan, es decir, para los vivos o los olvidadizos que en tiempos de cuarentena salen de sus domicilios sin las medidas de protecci\u00f3n necesarias. Una vez promulgada la ley, la autoridad de aplicaci\u00f3n definir\u00e1 el monto econ\u00f3mico de las sanciones.<\/p>\n","protected":false},"excerpt":{"rendered":"<p>Misiones se convirti\u00f3 en la primera provincia argentina en aprobar por ley el pasaporte sanitario en medio de la pandemia del coronavirus &nbsp; Lo deber\u00e1n tramitar los que ingresen que la provincia y que adem\u00e1s tendr\u00e1n la obligatoriedad de realizar el aislamiento social preventivo. Si bien esto \u00faltimo lo est\u00e1n haciendo desde el primer d\u00eda que empezaron a regresar los misioneros que est\u00e1n en otras provincias, ahora la medida tiene marco legislativo que la ampara. Otra de las novedades que lleg\u00f3 con la pandemia son los t\u00faneles sanitizantes. De a&#8230;<\/p>\n","protected":false},"author":3,"featured_media":63451,"comment_status":"closed","ping_status":"closed","sticky":false,"template":"","format":"standard","meta":[],"categories":[2],"tags":[],"_links":{"self":[{"href":"https:\/\/www.actualidadadiario.com\/index.php\/wp-json\/wp\/v2\/posts\/63450"}],"collection":[{"href":"https:\/\/www.actualidadadiario.com\/index.php\/wp-json\/wp\/v2\/posts"}],"about":[{"href":"https:\/\/www.actualidadadiario.com\/index.php\/wp-json\/wp\/v2\/types\/post"}],"author":[{"embeddable":true,"href":"https:\/\/www.actualidadadiario.com\/index.php\/wp-json\/wp\/v2\/users\/3"}],"replies":[{"embeddable":true,"href":"https:\/\/www.actualidadadiario.com\/index.php\/wp-json\/wp\/v2\/comments?post=63450"}],"version-history":[{"count":1,"href":"https:\/\/www.actualidadadiario.com\/index.php\/wp-json\/wp\/v2\/posts\/63450\/revisions"}],"predecessor-version":[{"id":63452,"href":"https:\/\/www.actualidadadiario.com\/index.php\/wp-json\/wp\/v2\/posts\/63450\/revisions\/63452"}],"wp:featuredmedia":[{"embeddable":true,"href":"https:\/\/www.actualidadadiario.com\/index.php\/wp-json\/wp\/v2\/media\/63451"}],"wp:attachment":[{"href":"https:\/\/www.actualidadadiario.com\/index.php\/wp-json\/wp\/v2\/media?parent=63450"}],"wp:term":[{"taxonomy":"category","embeddable":true,"href":"https:\/\/www.actualidadadiario.com\/index.php\/wp-json\/wp\/v2\/categories?post=63450"},{"taxonomy":"post_tag","embeddable":true,"href":"https:\/\/www.actualidadadiario.com\/index.php\/wp-json\/wp\/v2\/tags?post=63450"}],"curies":[{"name":"wp","href":"https:\/\/api.w.org\/{rel}","templated":true}]}}