{"id":63441,"date":"2020-06-26T12:58:56","date_gmt":"2020-06-26T15:58:56","guid":{"rendered":"https:\/\/www.actualidadadiario.com\/?p=63441"},"modified":"2020-06-26T12:58:56","modified_gmt":"2020-06-26T15:58:56","slug":"el-gobierno-renovara-ahora-12-y-volcara-us-500-millones-para-sostener-a-30-000-pymes","status":"publish","type":"post","link":"https:\/\/www.actualidadadiario.com\/index.php\/2020\/06\/26\/el-gobierno-renovara-ahora-12-y-volcara-us-500-millones-para-sostener-a-30-000-pymes\/","title":{"rendered":"El Gobierno renovar\u00e1 Ahora 12 y volcar\u00e1 u$s 500 millones para sostener a 30.000 pymes"},"content":{"rendered":"<p style=\"text-align: center;\"><em><strong>Lo anunci\u00f3 el ministro de Desarrollo Productivo, Mat\u00edas Kulfas, tras aprobarse un cr\u00e9dito del Banco Interamericano de Desarrollo. El funcionario anticip\u00f3 exenciones impositivas en el Interior y facilidades para radicarse en parques industriales<\/strong><\/em><\/p>\n<p>&nbsp;<\/p>\n<p>El Gobierno anunci\u00f3 este jueves la aprobaci\u00f3n por parte del Banco Interamericano de Desarrollo (BID) un cr\u00e9dito por u$s 500 millones que se destinar\u00e1n en los pr\u00f3ximos meses a sostener en actividad en forma directa o indirecta para mantener en actividad a unas 30.000 micro, peque\u00f1as y medianas empresas (mipymes) afectadas por la pandemia de coronavirus.<\/p>\n<p>El ministro de Desarrollo Productivo de la Naci\u00f3n, Mat\u00edas Kulfas, comunic\u00f3 la novedad durante un encuentro federal con ministros y secretarios de \u00e1reas productivas de las provincias y anticip\u00f3 un plan de trabajo conjunto con eje en la reactivaci\u00f3n pospandemia.<\/p>\n<p>El reciente pr\u00e9stamo del organismo multilateral de cr\u00e9dito que este a\u00f1o renovar\u00e1 autoridades y aspira a presidir el secretario de Asuntos Estrat\u00e9gicos, Gustavo B\u00e9liz, forma parte de un paquete de apoyo al pa\u00eds que solo este a\u00f1o volcar\u00e1 u$s 1800 millones a la econom\u00eda nacional, siendo el desembolso m\u00e1s alto del BID en la \u00faltima d\u00e9cada.<\/p>\n<p>El pr\u00e9stamo de u$s 500 millones apunta a rescatar pymes con problemas temporales de liquidez para que cumplan con sus obligaciones comerciales y financieras y, por lo tanto, mantenerse a flote, a trav\u00e9s del financiamiento para capital de trabajo y la refinanciaci\u00f3n de pr\u00e9stamos existentes, precis\u00f3 el BID.<\/p>\n<p>El acceso a financiamiento a mediano plazo les permitir\u00e1 restaurar o reconvertir la capacidad productiva, sumarse a la ola de transformaci\u00f3n digital y capearla ca\u00edda de la demanda.<\/p>\n<p>Estrictamente, el Estado subsidiar\u00e1 los costos de financiamiento y la concesi\u00f3n de pr\u00e9stamos a trav\u00e9s del Fondo Nacional de Desarrollo Productivo (Fondep) y la cesi\u00f3n de garant\u00edas que destraben los fondos desde la banca minorista. De esta forma, el Gobierno podr\u00e1 sostener en el tiempo cr\u00e9ditos con tasas del 24% anual y otras l\u00edneas especiales, como la destinada a cooperativas con TNA al 18%.<\/p>\n<p>Momentos antes del encuentro virtual con funcionarios subnacionales, Kulfas adelant\u00f3 que el Gobierno relanzar\u00e1 el programa \u201cAhora 12 \u2033 para incentivar el consumo, derrumbado en los \u00faltimos meses. El plan creado durante el segundo mandato presidencial de Cristina Kirchner vence a n de mes y tendr\u00eda una pr\u00f3rroga de al menos 180 d\u00edas.<\/p>\n<p>\u201cVamos a relanzar Ahora 12 con algunos beneficios adicionales. Tenemos que recuperarla relaci\u00f3n salarial para que haya consumo\u201d, sostuvo el ministro en declaraciones a El Destape Radio.<\/p>\n<p>&nbsp;<\/p>\n<p><strong>Nuevas medidas de reactivaci\u00f3n<\/strong><\/p>\n<p>En su encuentro con funcionarios subnacionales, Kulfas convoc\u00f3 a los asistentes a conformar desde la pr\u00f3xima semana una mesa de trabajo para establecer planes de reactivaci\u00f3n pospandemia, en t\u00e9rminos generales, y luego desarrollar facilidades a nivel regional y con el eje en las pymes.<\/p>\n<p>El ministro habl\u00f3 de un \u201cplan de industrializaci\u00f3n federal\u201d que plantea la restituci\u00f3n de los beneficios regionales del Decreto 814\/01. Se trata de la rebaja de aportes y contribuciones patronales para compensar partes de las asimetr\u00edas que hay a nivel regional, y fue derogado durante el gobierno de Macri.<\/p>\n<p>Kulfas tambi\u00e9n recalc\u00f3 que se est\u00e1 trabajando en el lanzamiento de un programa de parques industriales \u201cdonde el Estado va a generar un esquema de subsidios y de cr\u00e9ditos blandos para el desarrollo de parques industriales y tecnol\u00f3gicos para promover asociatividad entre empresas\u201d.<\/p>\n<p>Por su parte, el secretario de Pymes y Emprendedores, Guillermo Merediz, destac\u00f3 la puesta en marcha de un cap\u00edtulo en torno a la inclusi\u00f3n financiera, a partir de la l\u00ednea PyMEs Plus, que apunta a micro y peque\u00f1as empresas sin cr\u00e9ditos vigentes, con tasa del 24 por ciento y garant\u00eda estatal.<\/p>\n","protected":false},"excerpt":{"rendered":"<p>Lo anunci\u00f3 el ministro de Desarrollo Productivo, Mat\u00edas Kulfas, tras aprobarse un cr\u00e9dito del Banco Interamericano de Desarrollo. El funcionario anticip\u00f3 exenciones impositivas en el Interior y facilidades para radicarse en parques industriales &nbsp; El Gobierno anunci\u00f3 este jueves la aprobaci\u00f3n por parte del Banco Interamericano de Desarrollo (BID) un cr\u00e9dito por u$s 500 millones que se destinar\u00e1n en los pr\u00f3ximos meses a sostener en actividad en forma directa o indirecta para mantener en actividad a unas 30.000 micro, peque\u00f1as y medianas empresas (mipymes) afectadas por la pandemia de coronavirus&#8230;.<\/p>\n","protected":false},"author":3,"featured_media":63442,"comment_status":"closed","ping_status":"closed","sticky":false,"template":"","format":"standard","meta":[],"categories":[9],"tags":[],"_links":{"self":[{"href":"https:\/\/www.actualidadadiario.com\/index.php\/wp-json\/wp\/v2\/posts\/63441"}],"collection":[{"href":"https:\/\/www.actualidadadiario.com\/index.php\/wp-json\/wp\/v2\/posts"}],"about":[{"href":"https:\/\/www.actualidadadiario.com\/index.php\/wp-json\/wp\/v2\/types\/post"}],"author":[{"embeddable":true,"href":"https:\/\/www.actualidadadiario.com\/index.php\/wp-json\/wp\/v2\/users\/3"}],"replies":[{"embeddable":true,"href":"https:\/\/www.actualidadadiario.com\/index.php\/wp-json\/wp\/v2\/comments?post=63441"}],"version-history":[{"count":1,"href":"https:\/\/www.actualidadadiario.com\/index.php\/wp-json\/wp\/v2\/posts\/63441\/revisions"}],"predecessor-version":[{"id":63443,"href":"https:\/\/www.actualidadadiario.com\/index.php\/wp-json\/wp\/v2\/posts\/63441\/revisions\/63443"}],"wp:featuredmedia":[{"embeddable":true,"href":"https:\/\/www.actualidadadiario.com\/index.php\/wp-json\/wp\/v2\/media\/63442"}],"wp:attachment":[{"href":"https:\/\/www.actualidadadiario.com\/index.php\/wp-json\/wp\/v2\/media?parent=63441"}],"wp:term":[{"taxonomy":"category","embeddable":true,"href":"https:\/\/www.actualidadadiario.com\/index.php\/wp-json\/wp\/v2\/categories?post=63441"},{"taxonomy":"post_tag","embeddable":true,"href":"https:\/\/www.actualidadadiario.com\/index.php\/wp-json\/wp\/v2\/tags?post=63441"}],"curies":[{"name":"wp","href":"https:\/\/api.w.org\/{rel}","templated":true}]}}