{"id":63435,"date":"2020-06-26T12:56:51","date_gmt":"2020-06-26T15:56:51","guid":{"rendered":"https:\/\/www.actualidadadiario.com\/?p=63435"},"modified":"2020-06-26T12:57:04","modified_gmt":"2020-06-26T15:57:04","slug":"este-viernes-se-registraron-20-nuevos-casos-de-coronavirus-en-entre-rios","status":"publish","type":"post","link":"https:\/\/www.actualidadadiario.com\/index.php\/2020\/06\/26\/este-viernes-se-registraron-20-nuevos-casos-de-coronavirus-en-entre-rios\/","title":{"rendered":"Este viernes se registraron 20 nuevos casos de coronavirus en Entre R\u00edos"},"content":{"rendered":"<p style=\"text-align: center;\"><em><strong>El \u00e1rea de Vigilancia Epidemiol\u00f3gica del Ministerio de Salud, confirm\u00f3 que este viernes en Entre R\u00edos se registraron 20 nuevos casos de Coronavirus<\/strong><\/em><\/p>\n<p>&nbsp;<\/p>\n<p>&nbsp;<\/p>\n<p>Los ocho primeros corresponden a la ciudad de Paran\u00e1, y son contactos estrechos de pacientes con Covid-19 positivo.<\/p>\n<p>Los \u00faltimos 12 fueron detectados en la localidad de Santa Ana, departamento Federaci\u00f3n, trat\u00e1ndose de personas relacionadas con casos ya confirmados.<\/p>\n<p>Todos presentan sintomatolog\u00eda respiratoria leve salvo un paciente que se encuentra internado en un efector p\u00fablico con un cuadro de neumon\u00eda.<\/p>\n<p>De ese modo, en la provincia son 235 los casos confirmados.<\/p>\n","protected":false},"excerpt":{"rendered":"<p>El \u00e1rea de Vigilancia Epidemiol\u00f3gica del Ministerio de Salud, confirm\u00f3 que este viernes en Entre R\u00edos se registraron 20 nuevos casos de Coronavirus &nbsp; &nbsp; Los ocho primeros corresponden a la ciudad de Paran\u00e1, y son contactos estrechos de pacientes con Covid-19 positivo. Los \u00faltimos 12 fueron detectados en la localidad de Santa Ana, departamento Federaci\u00f3n, trat\u00e1ndose de personas relacionadas con casos ya confirmados. Todos presentan sintomatolog\u00eda respiratoria leve salvo un paciente que se encuentra internado en un efector p\u00fablico con un cuadro de neumon\u00eda. De ese modo, en la&#8230;<\/p>\n","protected":false},"author":3,"featured_media":62875,"comment_status":"closed","ping_status":"closed","sticky":false,"template":"","format":"standard","meta":[],"categories":[15],"tags":[],"_links":{"self":[{"href":"https:\/\/www.actualidadadiario.com\/index.php\/wp-json\/wp\/v2\/posts\/63435"}],"collection":[{"href":"https:\/\/www.actualidadadiario.com\/index.php\/wp-json\/wp\/v2\/posts"}],"about":[{"href":"https:\/\/www.actualidadadiario.com\/index.php\/wp-json\/wp\/v2\/types\/post"}],"author":[{"embeddable":true,"href":"https:\/\/www.actualidadadiario.com\/index.php\/wp-json\/wp\/v2\/users\/3"}],"replies":[{"embeddable":true,"href":"https:\/\/www.actualidadadiario.com\/index.php\/wp-json\/wp\/v2\/comments?post=63435"}],"version-history":[{"count":2,"href":"https:\/\/www.actualidadadiario.com\/index.php\/wp-json\/wp\/v2\/posts\/63435\/revisions"}],"predecessor-version":[{"id":63437,"href":"https:\/\/www.actualidadadiario.com\/index.php\/wp-json\/wp\/v2\/posts\/63435\/revisions\/63437"}],"wp:featuredmedia":[{"embeddable":true,"href":"https:\/\/www.actualidadadiario.com\/index.php\/wp-json\/wp\/v2\/media\/62875"}],"wp:attachment":[{"href":"https:\/\/www.actualidadadiario.com\/index.php\/wp-json\/wp\/v2\/media?parent=63435"}],"wp:term":[{"taxonomy":"category","embeddable":true,"href":"https:\/\/www.actualidadadiario.com\/index.php\/wp-json\/wp\/v2\/categories?post=63435"},{"taxonomy":"post_tag","embeddable":true,"href":"https:\/\/www.actualidadadiario.com\/index.php\/wp-json\/wp\/v2\/tags?post=63435"}],"curies":[{"name":"wp","href":"https:\/\/api.w.org\/{rel}","templated":true}]}}