{"id":63428,"date":"2020-06-26T12:54:02","date_gmt":"2020-06-26T15:54:02","guid":{"rendered":"https:\/\/www.actualidadadiario.com\/?p=63428"},"modified":"2020-06-26T12:54:02","modified_gmt":"2020-06-26T15:54:02","slug":"el-becario-acompana-a-los-estudiantes-con-charlas-virtuales-de-orientacion-vocacional","status":"publish","type":"post","link":"https:\/\/www.actualidadadiario.com\/index.php\/2020\/06\/26\/el-becario-acompana-a-los-estudiantes-con-charlas-virtuales-de-orientacion-vocacional\/","title":{"rendered":"El Becario acompa\u00f1a a los estudiantes con charlas virtuales de orientaci\u00f3n vocacional"},"content":{"rendered":"<p style=\"text-align: center;\"><em><strong>Desde el inicio del aislamiento social, el Instituto Becario trabaja de manera virtual con el objetivo de estar m\u00e1s cerca y atender las necesidades de los estudiantes entrerrianos. Entre otras otras acciones, se implementaron charlas de orientaci\u00f3n vocacional para alumnos del secundario<\/strong><\/em><\/p>\n<p>&nbsp;<\/p>\n<p>&nbsp;<\/p>\n<p>El Instituto Becario contin\u00faa llevando adelante l\u00edneas de trabajo para acompa\u00f1ar, asesorar y estar m\u00e1s cerca de los estudiantes entrerrianos en el contexto de la pandemia por el Covid-19. Una de esas herramientas son las charlas de orientaci\u00f3n vocacional que se brindan de manera virtual para los estudiantes del \u00faltimo a\u00f1o de la escuela secundaria.<\/p>\n<p>En este contexto, este jueves se concret\u00f3 una nueva charla a trav\u00e9s de la videoconferencia con la escuela secundaria de ense\u00f1anza t\u00e9cnica N\u00ba 68, Profesor Facundo Arce, de la localidad de Segu\u00ed, departamento Paran\u00e1. Tanto estudiantes como docentes agradecieron al Instituto la posibilidad de contar con este tipo de apoyo, que alienta a los j\u00f3venes a continuar sus estudios en el nivel superior.<\/p>\n<p>Durante la charla el orador fue Gonzalo Oviedo, quien forma parte del equipo de orientaci\u00f3n vocacional del organismo provincial. En su exposici\u00f3n detall\u00f3 a los j\u00f3venes c\u00f3mo pueden proyectarse, pens\u00e1ndose en un futuro como profesionales, as\u00ed como ; tambi\u00e9n les explic\u00f3 la importancia de elegir un \u00e1rea en la cual desarrollar la vocaci\u00f3n.<\/p>\n<p>Asimismo, se interioriz\u00f3 a los estudiantes acerca de las universidades p\u00fablicas que est\u00e1n presentes en nuestra provincia, los institutos de formaci\u00f3n terciaria y la posibilidad de pensar que la vocaci\u00f3n se desarrolla durante toda la vida con la carrera que elijan estudiar.<\/p>\n<p>\u201cLa charla me sirvi\u00f3 para aclarar y entender algunas cosas como dudas y miedos\u201d, cont\u00f3 Axel estudiante de esa escuela que actualmente cuenta con una beca del Instituto Becario. Acerca de la posibilidad de seguir sus estudios en el nivel superior y continuar teniendo el acompa\u00f1amiento del Estado entrerriano a trav\u00e9s de la beca, precis\u00f3: \u201cla beca me incentiva mucho porque se hacen muchos gastos. Ten\u00eda pensado trabajar para poder seguir estudiando, pero con la ayuda del Instituto ser\u00e1 mucho m\u00e1s sencillo estudiar\u201d.<\/p>\n<p>Entre los docentes y directivos que participaron de la charla virtual estuvo Betiana Badano, rectora de la escuela de Segu\u00ed, quien cont\u00f3 c\u00f3mo fue su proceso de formaci\u00f3n. Tambi\u00e9n explic\u00f3 la importancia que tiene la orientaci\u00f3n que se brinda porque \u201clos chicos tienen mucha incertidumbre porque a\u00fan no saben c\u00f3mo va a ser la finalizaci\u00f3n de los estudios secundarios\u201d. De igual modo hizo un repaso de c\u00f3mo se est\u00e1 dando la modalidad de trabajo al mismo tiempo que resalt\u00f3: \u201cestamos haciendo muchos talleres para que los chicos no se aburran\u201d.<\/p>\n<p>En tanto, Sergio Spessot, docente de Pr\u00e1cticas Educativas, agradeci\u00f3 al Becario por brindar la posibilidad de realizar la charla para orientar a los j\u00f3venes ya que \u201cfue instructiva y productivo para ellos. Mientras que los chicos participen y se animen a preguntar, siempre es bueno\u201d.<\/p>\n<p>Respecto a c\u00f3mo es tener clases desde casa a trav\u00e9s de la virtualidad, los estudiantes dijeron que ya se habituaron a la plataforma Zoom \u201cporque es la que usamos desde que empez\u00f3 todo, pero se nos dificulta el aprendizaje porque no tenemos el profesor al lado para preguntarle y resolver nuestras dudas\u201d.<\/p>\n<p>&nbsp;<\/p>\n<p><strong>Las charlas<\/strong><\/p>\n<p>La orientaci\u00f3n vocacional es una de las herramientas con las que cuenta el Becario para el acompa\u00f1amiento de los j\u00f3venes que est\u00e1n cursando el \u00faltimo a\u00f1o de la escuela secundaria. Brinda un espacio de reflexi\u00f3n e informaci\u00f3n con el fin de ayudarlos a elegir una carrera con convicci\u00f3n, responsabilidad y de la manera m\u00e1s aut\u00f3noma posible.<\/p>\n<p>Los docentes que quieran contar con este acompa\u00f1amiento en la orientaci\u00f3n vocacional pueden solicitarlo v\u00eda mail a la direcci\u00f3n: orientacion@institutobecario.gov.ar<\/p>\n","protected":false},"excerpt":{"rendered":"<p>Desde el inicio del aislamiento social, el Instituto Becario trabaja de manera virtual con el objetivo de estar m\u00e1s cerca y atender las necesidades de los estudiantes entrerrianos. Entre otras otras acciones, se implementaron charlas de orientaci\u00f3n vocacional para alumnos del secundario &nbsp; &nbsp; El Instituto Becario contin\u00faa llevando adelante l\u00edneas de trabajo para acompa\u00f1ar, asesorar y estar m\u00e1s cerca de los estudiantes entrerrianos en el contexto de la pandemia por el Covid-19. Una de esas herramientas son las charlas de orientaci\u00f3n vocacional que se brindan de manera virtual para&#8230;<\/p>\n","protected":false},"author":3,"featured_media":63429,"comment_status":"closed","ping_status":"closed","sticky":false,"template":"","format":"standard","meta":[],"categories":[15],"tags":[],"_links":{"self":[{"href":"https:\/\/www.actualidadadiario.com\/index.php\/wp-json\/wp\/v2\/posts\/63428"}],"collection":[{"href":"https:\/\/www.actualidadadiario.com\/index.php\/wp-json\/wp\/v2\/posts"}],"about":[{"href":"https:\/\/www.actualidadadiario.com\/index.php\/wp-json\/wp\/v2\/types\/post"}],"author":[{"embeddable":true,"href":"https:\/\/www.actualidadadiario.com\/index.php\/wp-json\/wp\/v2\/users\/3"}],"replies":[{"embeddable":true,"href":"https:\/\/www.actualidadadiario.com\/index.php\/wp-json\/wp\/v2\/comments?post=63428"}],"version-history":[{"count":1,"href":"https:\/\/www.actualidadadiario.com\/index.php\/wp-json\/wp\/v2\/posts\/63428\/revisions"}],"predecessor-version":[{"id":63430,"href":"https:\/\/www.actualidadadiario.com\/index.php\/wp-json\/wp\/v2\/posts\/63428\/revisions\/63430"}],"wp:featuredmedia":[{"embeddable":true,"href":"https:\/\/www.actualidadadiario.com\/index.php\/wp-json\/wp\/v2\/media\/63429"}],"wp:attachment":[{"href":"https:\/\/www.actualidadadiario.com\/index.php\/wp-json\/wp\/v2\/media?parent=63428"}],"wp:term":[{"taxonomy":"category","embeddable":true,"href":"https:\/\/www.actualidadadiario.com\/index.php\/wp-json\/wp\/v2\/categories?post=63428"},{"taxonomy":"post_tag","embeddable":true,"href":"https:\/\/www.actualidadadiario.com\/index.php\/wp-json\/wp\/v2\/tags?post=63428"}],"curies":[{"name":"wp","href":"https:\/\/api.w.org\/{rel}","templated":true}]}}