{"id":63425,"date":"2020-06-26T12:53:11","date_gmt":"2020-06-26T15:53:11","guid":{"rendered":"https:\/\/www.actualidadadiario.com\/?p=63425"},"modified":"2020-06-26T12:53:11","modified_gmt":"2020-06-26T15:53:11","slug":"proponen-instar-a-los-entrerrianos-recuperados-de-covid-19-a-donar-plasma-para-otros-pacientes","status":"publish","type":"post","link":"https:\/\/www.actualidadadiario.com\/index.php\/2020\/06\/26\/proponen-instar-a-los-entrerrianos-recuperados-de-covid-19-a-donar-plasma-para-otros-pacientes\/","title":{"rendered":"Proponen instar a los entrerrianos recuperados de Covid-19 a donar plasma para otros pacientes"},"content":{"rendered":"<p style=\"text-align: center;\"><em><strong>La iniciativa, que ingres\u00f3 a la C\u00e1mara de Diputados, apunta\u00a0 a brindar \u201clas herramientas legales necesarias\u201d para que el Estado pueda convocar a los pacientes recuperados de Covid-19 a donar plasma para ser utilizado en aquellos que todav\u00eda est\u00e1n cursando la enfermedad<\/strong><\/em><\/p>\n<p>&nbsp;<\/p>\n<p>La autora de la iniciativa es Carmen Toller, y figuran como coautores Reynaldo C\u00e1ceres y Sergio Castrill\u00f3n.<\/p>\n<p>Propone declarar de inter\u00e9s provincial la donaci\u00f3n de plasma por parte de pacientes recuperados de Covid-19 y establece que \u201cel Poder Ejecutivo, a trav\u00e9s del Ministerio de Salud, podr\u00e1 invitar a los pacientes recuperados de Covid-19 a acercarse a los Servicios de Hemoterapia y Bancos de Sangre habilitados en la provincia para realizar la captaci\u00f3n y recolecci\u00f3n de plasma de los pacientes recuperados de Covid-19, a los efectos de constituirse en donantes\u201d.<\/p>\n<p>Tal invitaci\u00f3n \u201cno implica obligatoriedad alguna para los pacientes recuperados de Covid-19\u201d, ya que \u201cla decisi\u00f3n de donar plasma ser\u00e1 siempre un acto de disposici\u00f3n voluntaria, conforme lo establecido en la Ley Nacional 22.990\u201d.<\/p>\n<p>El proyecto dispone que \u201cel Comit\u00e9 de \u00c9tica del Ministerio de Salud dictar\u00e1 un protocolo de actuaci\u00f3n para permitir el uso de plasma de personas recuperadas para valorar la factibilidad\u00a0 y la potencial eficacia en pacientes con formas graves o potencialmente graves de la infecci\u00f3n\u201d.<\/p>\n<p>Tambi\u00e9n establece que \u201cel Poder Ejecutivo impulsar\u00e1, durante la vigencia de la emergencia sanitaria declarada mediante Decreto N\u00ba 132\/2020, campa\u00f1as de difusi\u00f3n y concientizaci\u00f3n sobre la importancia de la donaci\u00f3n de plasma por parte de pacientes recuperados de Covid-19 como m\u00e9todo de tratamiento para pacientes infectados.<\/p>\n<p>En declaraciones, Toller dijo que \u201chasta ayer hab\u00eda 13.816 pacientes recuperados en el pa\u00eds y hasta el domingo pasado tan solo 170 personas se hab\u00edan acercado para hacer donantes\u201d,<\/p>\n<p>Luego se\u00f1al\u00f3 que \u201ccada extracci\u00f3n se puede aplicar a tres pacientes y un donante puede donar hasta tres veces\u201d, al tiempo que aclar\u00f3 que \u201cno todos tienen los requisitos para poder donar\u201d.<\/p>\n<p>\u201cLo que pretendo con este proyecto es que el Poder Ejecutivo tenga las herramientas legales para convocar a los entrerrianos recuperados a donar plasma\u201d, sostuvo la legisladora provincial.<\/p>\n<p>Para Toller hay \u201ccuatro aspectos que son centrales a la hora de pensar en donar plasma: solidaridad, grandeza, el gesto de cuidar al otro y de mirarlo como un hermano\u201d y concluy\u00f3: \u201cLa aplicaci\u00f3n de plasma en pacientes cr\u00edticos ha permitido una mejora sustancial de su salud\u201d.<\/p>\n","protected":false},"excerpt":{"rendered":"<p>La iniciativa, que ingres\u00f3 a la C\u00e1mara de Diputados, apunta\u00a0 a brindar \u201clas herramientas legales necesarias\u201d para que el Estado pueda convocar a los pacientes recuperados de Covid-19 a donar plasma para ser utilizado en aquellos que todav\u00eda est\u00e1n cursando la enfermedad &nbsp; La autora de la iniciativa es Carmen Toller, y figuran como coautores Reynaldo C\u00e1ceres y Sergio Castrill\u00f3n. Propone declarar de inter\u00e9s provincial la donaci\u00f3n de plasma por parte de pacientes recuperados de Covid-19 y establece que \u201cel Poder Ejecutivo, a trav\u00e9s del Ministerio de Salud, podr\u00e1 invitar&#8230;<\/p>\n","protected":false},"author":3,"featured_media":63426,"comment_status":"closed","ping_status":"closed","sticky":false,"template":"","format":"standard","meta":[],"categories":[15],"tags":[],"_links":{"self":[{"href":"https:\/\/www.actualidadadiario.com\/index.php\/wp-json\/wp\/v2\/posts\/63425"}],"collection":[{"href":"https:\/\/www.actualidadadiario.com\/index.php\/wp-json\/wp\/v2\/posts"}],"about":[{"href":"https:\/\/www.actualidadadiario.com\/index.php\/wp-json\/wp\/v2\/types\/post"}],"author":[{"embeddable":true,"href":"https:\/\/www.actualidadadiario.com\/index.php\/wp-json\/wp\/v2\/users\/3"}],"replies":[{"embeddable":true,"href":"https:\/\/www.actualidadadiario.com\/index.php\/wp-json\/wp\/v2\/comments?post=63425"}],"version-history":[{"count":1,"href":"https:\/\/www.actualidadadiario.com\/index.php\/wp-json\/wp\/v2\/posts\/63425\/revisions"}],"predecessor-version":[{"id":63427,"href":"https:\/\/www.actualidadadiario.com\/index.php\/wp-json\/wp\/v2\/posts\/63425\/revisions\/63427"}],"wp:featuredmedia":[{"embeddable":true,"href":"https:\/\/www.actualidadadiario.com\/index.php\/wp-json\/wp\/v2\/media\/63426"}],"wp:attachment":[{"href":"https:\/\/www.actualidadadiario.com\/index.php\/wp-json\/wp\/v2\/media?parent=63425"}],"wp:term":[{"taxonomy":"category","embeddable":true,"href":"https:\/\/www.actualidadadiario.com\/index.php\/wp-json\/wp\/v2\/categories?post=63425"},{"taxonomy":"post_tag","embeddable":true,"href":"https:\/\/www.actualidadadiario.com\/index.php\/wp-json\/wp\/v2\/tags?post=63425"}],"curies":[{"name":"wp","href":"https:\/\/api.w.org\/{rel}","templated":true}]}}