{"id":63412,"date":"2020-06-25T13:12:58","date_gmt":"2020-06-25T16:12:58","guid":{"rendered":"https:\/\/www.actualidadadiario.com\/?p=63412"},"modified":"2020-06-25T13:12:58","modified_gmt":"2020-06-25T16:12:58","slug":"la-oms-alerta-sobre-el-aumento-de-casos-en-europa-luego-de-la-reapertura-progresiva","status":"publish","type":"post","link":"https:\/\/www.actualidadadiario.com\/index.php\/2020\/06\/25\/la-oms-alerta-sobre-el-aumento-de-casos-en-europa-luego-de-la-reapertura-progresiva\/","title":{"rendered":"La OMS alerta sobre el aumento de casos en Europa, luego de la reapertura progresiva"},"content":{"rendered":"<p style=\"text-align: center;\"><em><strong>Ante el aumento de casos de coronavirus en Europa, la Organizaci\u00f3n Mundial de la Salud (OMS), les advirti\u00f3 a estos pa\u00edses sobre los riesgos un rebrote incontrolable. \u201cLa semana pasada, Europa registr\u00f3 un aumento en el n\u00famero de casos semanales por primera vez desde hace meses. En once pa\u00edses, la transmisi\u00f3n acelerada ha llevado a un resurgimiento muy significativo que, si no se controla, llevar\u00e1 al l\u00edmite de nuevo a los sistemas sanitarios europeos\u201d, manifest\u00f3 Hans Kluge, representante europeo del organismo, desde Copenhague<\/strong><\/em><\/p>\n<p>&nbsp;<\/p>\n<p>&nbsp;<\/p>\n<p>De acuerdo con los datos que posee la OMS, la secci\u00f3n Europa (que abarca a 53 pa\u00edses) est\u00e1 registrando diariamente unos 20.000 nuevos casos y 700 muertes por coronavirus. En esta regi\u00f3n, las autoridades reportan un total de 2,5 millones de casos confirmados. Klunge remarc\u00f3 que el aumento de contagios se est\u00e1 dando en zonas espec\u00edficas: escuelas, minas de carb\u00f3n o lugares de producci\u00f3n de alimentos.<\/p>\n<p>Entrando en m\u00e1s detalles, Alemania ante este nuevo brote tuvo volver atr\u00e1s con la reapertura de las actividades. Orden\u00f3 el reconfinamiento de una zona en la que viven 600.000 personas debido al resurgimiento de un foco de infecciones en el mayor matadero de Europa. Este caso demuestra que hay rubros espec\u00edficos en los que se producen contagios.<\/p>\n<p>Hasta ahora Europa contabiliza 194.459 fallecidos y 2.585.203 contagios. En el mundo, la pandemia ha provocado m\u00e1s de 482.000 muertes y 9,4 millones de contagios, seg\u00fan el \u00faltimo recuento de cifras oficiales. En varios pa\u00edses se intenta volver a la nueva normalidad, a pesar de este rebrote.<\/p>\n<p>Un ejemplo de ello es que este jueves, y despu\u00e9s de un cierre de tres meses, volvi\u00f3 a recibir visitantes la Torre Eiffel, el monumento m\u00e1s famoso de Par\u00eds, por el que pasan anualmente siete millones de persona. La OMS advirti\u00f3 sobre un nuevo colapso sanitario, pero muchos pa\u00edses todav\u00eda est\u00e1n desarrollando maneras de restablecer actividades, sobre todo, el turismo.<\/p>\n","protected":false},"excerpt":{"rendered":"<p>Ante el aumento de casos de coronavirus en Europa, la Organizaci\u00f3n Mundial de la Salud (OMS), les advirti\u00f3 a estos pa\u00edses sobre los riesgos un rebrote incontrolable. \u201cLa semana pasada, Europa registr\u00f3 un aumento en el n\u00famero de casos semanales por primera vez desde hace meses. En once pa\u00edses, la transmisi\u00f3n acelerada ha llevado a un resurgimiento muy significativo que, si no se controla, llevar\u00e1 al l\u00edmite de nuevo a los sistemas sanitarios europeos\u201d, manifest\u00f3 Hans Kluge, representante europeo del organismo, desde Copenhague &nbsp; &nbsp; De acuerdo con los datos&#8230;<\/p>\n","protected":false},"author":3,"featured_media":63413,"comment_status":"closed","ping_status":"closed","sticky":false,"template":"","format":"standard","meta":[],"categories":[4],"tags":[],"_links":{"self":[{"href":"https:\/\/www.actualidadadiario.com\/index.php\/wp-json\/wp\/v2\/posts\/63412"}],"collection":[{"href":"https:\/\/www.actualidadadiario.com\/index.php\/wp-json\/wp\/v2\/posts"}],"about":[{"href":"https:\/\/www.actualidadadiario.com\/index.php\/wp-json\/wp\/v2\/types\/post"}],"author":[{"embeddable":true,"href":"https:\/\/www.actualidadadiario.com\/index.php\/wp-json\/wp\/v2\/users\/3"}],"replies":[{"embeddable":true,"href":"https:\/\/www.actualidadadiario.com\/index.php\/wp-json\/wp\/v2\/comments?post=63412"}],"version-history":[{"count":1,"href":"https:\/\/www.actualidadadiario.com\/index.php\/wp-json\/wp\/v2\/posts\/63412\/revisions"}],"predecessor-version":[{"id":63414,"href":"https:\/\/www.actualidadadiario.com\/index.php\/wp-json\/wp\/v2\/posts\/63412\/revisions\/63414"}],"wp:featuredmedia":[{"embeddable":true,"href":"https:\/\/www.actualidadadiario.com\/index.php\/wp-json\/wp\/v2\/media\/63413"}],"wp:attachment":[{"href":"https:\/\/www.actualidadadiario.com\/index.php\/wp-json\/wp\/v2\/media?parent=63412"}],"wp:term":[{"taxonomy":"category","embeddable":true,"href":"https:\/\/www.actualidadadiario.com\/index.php\/wp-json\/wp\/v2\/categories?post=63412"},{"taxonomy":"post_tag","embeddable":true,"href":"https:\/\/www.actualidadadiario.com\/index.php\/wp-json\/wp\/v2\/tags?post=63412"}],"curies":[{"name":"wp","href":"https:\/\/api.w.org\/{rel}","templated":true}]}}