{"id":63406,"date":"2020-06-25T13:10:42","date_gmt":"2020-06-25T16:10:42","guid":{"rendered":"https:\/\/www.actualidadadiario.com\/?p=63406"},"modified":"2020-06-25T13:10:42","modified_gmt":"2020-06-25T16:10:42","slug":"prorrogan-el-plazo-para-revisar-contratos-de-jerarquicos-en-el-estado-durante-el-macrismo","status":"publish","type":"post","link":"https:\/\/www.actualidadadiario.com\/index.php\/2020\/06\/25\/prorrogan-el-plazo-para-revisar-contratos-de-jerarquicos-en-el-estado-durante-el-macrismo\/","title":{"rendered":"Prorrogan el plazo para revisar contratos de jer\u00e1rquicos en el Estado durante el macrismo"},"content":{"rendered":"<p style=\"text-align: center;\"><em><strong>En el Decreto 564\/2020, publicado hoy en el Bolet\u00edn Oficial, las autoridades nacionales oficializan la extensi\u00f3n del plazo anunciado el 14 de diciembre hasta el 15 de octubre de 2020<\/strong><\/em><\/p>\n<p>&nbsp;<\/p>\n<p>&nbsp;<\/p>\n<p>El Gobierno prorrog\u00f3 hasta octubre pr\u00f3ximo el plazo para revisar la contrataci\u00f3n de empleados jer\u00e1rquicos en el Estado durante los \u00faltimos meses de la gesti\u00f3n anterior, luego de que en diciembre pasado suspendi\u00f3 un decreto de Mauricio Macri que alcanzaba a 3.000 funcionarios.<\/p>\n<p>En el Decreto 564\/2020, publicado hoy en el Bolet\u00edn Oficial, las autoridades nacionales oficializan la extensi\u00f3n del plazo anunciado el 14 de diciembre hasta el 15 de octubre de 2020.<\/p>\n<p>Entre los considerandos, la norma explica que, en virtud de la declaraci\u00f3n de la pandemia del coronavirus, &#8220;corresponde ampliar los plazos para la revisi\u00f3n de los procesos de selecci\u00f3n de personal, a los fines de que las jurisdicciones cumplimenten con el procedimiento establecido por la Resoluci\u00f3n de la Secretar\u00eda de Gesti\u00f3n y de Empleo P\u00fablico&#8221;.<\/p>\n<p>La decisi\u00f3n lleva las firmas del presidente Alberto Fern\u00e1ndez y del jefe de Gabinete, Santiago Cafiero.<\/p>\n","protected":false},"excerpt":{"rendered":"<p>En el Decreto 564\/2020, publicado hoy en el Bolet\u00edn Oficial, las autoridades nacionales oficializan la extensi\u00f3n del plazo anunciado el 14 de diciembre hasta el 15 de octubre de 2020 &nbsp; &nbsp; El Gobierno prorrog\u00f3 hasta octubre pr\u00f3ximo el plazo para revisar la contrataci\u00f3n de empleados jer\u00e1rquicos en el Estado durante los \u00faltimos meses de la gesti\u00f3n anterior, luego de que en diciembre pasado suspendi\u00f3 un decreto de Mauricio Macri que alcanzaba a 3.000 funcionarios. En el Decreto 564\/2020, publicado hoy en el Bolet\u00edn Oficial, las autoridades nacionales oficializan la&#8230;<\/p>\n","protected":false},"author":3,"featured_media":57622,"comment_status":"closed","ping_status":"closed","sticky":false,"template":"","format":"standard","meta":[],"categories":[18],"tags":[],"_links":{"self":[{"href":"https:\/\/www.actualidadadiario.com\/index.php\/wp-json\/wp\/v2\/posts\/63406"}],"collection":[{"href":"https:\/\/www.actualidadadiario.com\/index.php\/wp-json\/wp\/v2\/posts"}],"about":[{"href":"https:\/\/www.actualidadadiario.com\/index.php\/wp-json\/wp\/v2\/types\/post"}],"author":[{"embeddable":true,"href":"https:\/\/www.actualidadadiario.com\/index.php\/wp-json\/wp\/v2\/users\/3"}],"replies":[{"embeddable":true,"href":"https:\/\/www.actualidadadiario.com\/index.php\/wp-json\/wp\/v2\/comments?post=63406"}],"version-history":[{"count":1,"href":"https:\/\/www.actualidadadiario.com\/index.php\/wp-json\/wp\/v2\/posts\/63406\/revisions"}],"predecessor-version":[{"id":63407,"href":"https:\/\/www.actualidadadiario.com\/index.php\/wp-json\/wp\/v2\/posts\/63406\/revisions\/63407"}],"wp:featuredmedia":[{"embeddable":true,"href":"https:\/\/www.actualidadadiario.com\/index.php\/wp-json\/wp\/v2\/media\/57622"}],"wp:attachment":[{"href":"https:\/\/www.actualidadadiario.com\/index.php\/wp-json\/wp\/v2\/media?parent=63406"}],"wp:term":[{"taxonomy":"category","embeddable":true,"href":"https:\/\/www.actualidadadiario.com\/index.php\/wp-json\/wp\/v2\/categories?post=63406"},{"taxonomy":"post_tag","embeddable":true,"href":"https:\/\/www.actualidadadiario.com\/index.php\/wp-json\/wp\/v2\/tags?post=63406"}],"curies":[{"name":"wp","href":"https:\/\/api.w.org\/{rel}","templated":true}]}}