{"id":63400,"date":"2020-06-25T13:09:18","date_gmt":"2020-06-25T16:09:18","guid":{"rendered":"https:\/\/www.actualidadadiario.com\/?p=63400"},"modified":"2020-06-25T13:09:18","modified_gmt":"2020-06-25T16:09:18","slug":"el-senado-aprobo-la-creacion-de-una-bicameral-para-que-investigue-la-deuda-de-vicentin","status":"publish","type":"post","link":"https:\/\/www.actualidadadiario.com\/index.php\/2020\/06\/25\/el-senado-aprobo-la-creacion-de-una-bicameral-para-que-investigue-la-deuda-de-vicentin\/","title":{"rendered":"El Senado aprob\u00f3 la creaci\u00f3n de una Bicameral para que investigue la deuda de Vicentin"},"content":{"rendered":"<p style=\"text-align: center;\"><em><strong>El oficialismo logr\u00f3 aprobar por 41 votos el proyecto que crea una comisi\u00f3n bicameral para establecer el v\u00ednculo crediticio entre el Banco Naci\u00f3n y el Grupo Vicentin. Juntos por el Cambio vot\u00f3 en contra<\/strong><\/em><\/p>\n<p>&nbsp;<\/p>\n<p>&nbsp;<\/p>\n<p>&nbsp;<\/p>\n<p>Con mayor\u00eda simple, el Senado aprob\u00f3 la creaci\u00f3n de una comisi\u00f3n bicameral para que se investiguen las presuntas irregularidades en los cr\u00e9ditos que el Banco Naci\u00f3n le otorg\u00f3 a la empresa Vicentin durante el gobierno de la alianza Cambiemos. A diferencias de las \u00faltimas veces, la oposici\u00f3n particip\u00f3 del debate y vot\u00f3 en contra de la iniciativa.<\/p>\n<p>La sesi\u00f3n remota comenz\u00f3 pasadas las 15 con m\u00faltiples cruces verbales, que dejaron al descubierto el nivel de tensi\u00f3n que hay entre el Frente de Todos y Juntos por el Cambio en la C\u00e1mara Alta.<\/p>\n<p>El titular del presidente del interbloque opositor, Luis Naidenoff, adelant\u00f3 que se ausentar\u00edan al momento de votar la ratificaci\u00f3n del Convenio 190 de la Organizaci\u00f3n Mundial del Trabajo (OIT) sobre la violencia y el acoso laboral, como tambi\u00e9n el proyecto que busca crear la\u00a0 Bicameral para indagar el v\u00ednculo crediticio entre el Banco Naci\u00f3n y la empresa cerealera.<\/p>\n<p>Al senador radical le sigui\u00f3 la oficialista Norma Durango, que pidi\u00f3 la palabra para solicitar que el Cuerpo repudie los recientes dichos violentos del comunicador \u00c1ngel &#8220;Baby&#8221; Etchecopar contra la vicepresidenta y titular del Senado, Cristina Fern\u00e1ndez, a la que defini\u00f3 como &#8220;el C\u00e1ncer de la Argentina&#8221;. &#8220;Antes escrib\u00edan en las paredes &#8216;Viva el c\u00e1ncer&#8217; y ahora lo dicen en el horario central de la televisi\u00f3n&#8221;, dijo la legisladora. Y agreg\u00f3: &#8220;Quienes transitamos esa enfermedad, yo soy una de ellas, sabemos lo dif\u00edcil y doloroso que es atravesar el c\u00e1ncer, por lo que no podemos m\u00e1s que desaprobar esa patra\u00f1a&#8221;.<\/p>\n<p>&#8220;No queremos m\u00e1s violentos y mucho menos en los medios de comunicaci\u00f3n&#8221;, agreg\u00f3 Durango, que preside la comisi\u00f3n Banca de la Mujer, y pidi\u00f3 a la oposici\u00f3n que adhiera al repudio del bloque del Frente de Todos.<\/p>\n<p>La senadora riojana Mar\u00eda Clara Vega, de Juntos por el Cambio, plante\u00f3 una cuesti\u00f3n de privilegio contra la senadora oficialista Beatriz Mirkin, a la que le pidi\u00f3 que se retracte por haberle dicho semanas atr\u00e1s que &#8220;le hubiera pegado un chirlo&#8221; por las declaraciones que hizo sobre el asesinato de Luis Espinoza. De inmediato, la legisladora tucumana dijo que al d\u00eda siguiente del &#8220;exabrupto&#8221; le envi\u00f3 un whatsapp para disculparse.<\/p>\n<p>Luego de un cruce entre el senador oficialista Oscar Parrilli y el opositor Julio Mart\u00ednez, los legisladores comenzaron a discutir el Convenio sobre Eliminaci\u00f3n de la Violencia y el Acoso en el Mundo del Trabajo y los tratados de extradici\u00f3n con la Rep\u00fablica Federativa de Brasil y con Rumania, los cuales fueron aprobados por 42 votos. Si bien el interbloque de Juntos por el Cambio no vot\u00f3 estas iniciativas, las principales cr\u00edticas estuvieron dirigidas al proyecto que establece la creaci\u00f3n de una comisi\u00f3n bicameral para indagar en las relaciones crediticias entre el Banco Naci\u00f3n, que por entonces presid\u00eda Javier Gonz\u00e1lez Fraga, y la compa\u00f1\u00eda cerealera.<\/p>\n<p>El senador de PRO Esteban Bullrich plante\u00f3 que s\u00f3lo se buscaba &#8220;revisar la relaci\u00f3n de un cliente del Banco Naci\u00f3n con ese banco durante un per\u00edodo de cuatro a\u00f1os, sin atender al hecho que, de 300 millones de d\u00f3lares de deuda de Vicentin, 200 fueron asignados durante la gesti\u00f3n anterior&#8221;. Su compa\u00f1era de interbloque Silvia Giacoppo dijo que el proyecto del oficialismo &#8220;tiene otra intenci\u00f3n a la que dice, es venganza&#8221; y remarc\u00f3 que &#8220;se necesitan 48 votos para aprobar la creaci\u00f3n de esta bicameral&#8221;.<\/p>\n<p>Un rato antes, la senadora del Frente de Todos Mar\u00eda de los \u00c1ngeles Sacnun asegur\u00f3 que no eran necesarios los dos tercios &#8220;porque es un proyecto que puede ser votado por mayor\u00eda simple&#8221;. &#8220;Es indispensable que podamos descifrar qu\u00e9 es lo que ha ocurrido, cu\u00e1l es la matriz que atraviesa los movimientos de la empresa Vicentin, las posibles maniobras en el lavado de activos porque todo esto vulnera la capacidad econ\u00f3mica del Estado Nacional&#8221;, remarc\u00f3 la legisladora santafecina.<\/p>\n<p>Uno de los argumentos que esbozaron los senadores de Juntos por el Cambio para rechazar la iniciativa del Frente de Todos fue que no se trataba de un tema vinculado a la pandemia, pero tambi\u00e9n adujeron que ya existe una causa en la Justicia, a cargo del juez Juli\u00e1n Ercolini.<\/p>\n<p>&#8220;\u00bfSer\u00e1 que quieren esta comisi\u00f3n para apretar al Poder Judicial?&#8221;, se\u00f1al\u00f3 la macrista Laura Rodr\u00edguez Machado. Y continu\u00f3: &#8220;\u00bfO ser\u00e1 que quieren hacer un tribunal popular formado por algunos militantes kirchneristas que est\u00e1n en las bancas del Congreso?&#8221;.<\/p>\n<p>&#8220;Si la oposici\u00f3n est\u00e1 dispuesta apoyar este proyecto si nosotros aceptamos que se investiguen los cr\u00e9ditos otorgados antes del 2015, no hay problema, investiguemos todos los cr\u00e9ditos recibidos desde su origen&#8221;, dijo Parrilli durante su intervenci\u00f3n.<\/p>\n<p>La mendocina Anabel Fern\u00e1ndez Sagasti apunt\u00f3: \u201cLa oposici\u00f3n deber\u00eda ser la primera en querer esta comisi\u00f3n investigadora. Primero, porque van a participar; segundo, para dejar en claro que no tienen nada que esconder; y tercero, para no ser c\u00f3mplices de los dirigentes pol\u00edticos que dicen defender la propiedad privada pero en realidad no quieren que se investiguen las complicidades que hubo entre el gobierno de Cambiemos y los CEOS de Vicentin\u201d. Y record\u00f3 que el diputado nacional y titular de la UCR, Alfredo Cornejo, &#8220;expropi\u00f3 un centro de esqu\u00ed en Mendoza cuando era gobernador&#8221;.<\/p>\n<p>Aun cuando en el cierre Naidenoff insisti\u00f3 con que eran necesarios los dos tercios para la creaci\u00f3n de la Bicameral, el Frente de Todos logr\u00f3 aprobarla por 41 votos afirmativos, tras seis horas y media de debate.<\/p>\n<p>El proyecto del senador kirchnerista va en sinton\u00eda con el informe que realiz\u00f3 el actual director del Banco Naci\u00f3n Claudio Lozano, quien en febrero \u00faltimo se\u00f1al\u00f3 que &#8220;en el proceso de endeudamiento que fue acumulando\u00a0 Vicentin con el\u00a0 Banco Naci\u00f3n se superaron los l\u00edmites a los que pod\u00eda acceder en funci\u00f3n de la normativa correspondiente fijada por el Ente Regulador para las Grandes Empresas&#8221; y que a pesar de eso &#8220;y sin fundamento alguno la empresa obtuvo la refinanciaci\u00f3n que requer\u00eda sin hacer las cancelaciones correspondientes para volver a encuadrar en la normativa&#8221;.<\/p>\n<p>Otro de los puntos que destaca el escrito de Lozano es que el Grupo\u00a0 Vicentin fue uno de los principales aportantes de la campa\u00f1a electoral de\u00a0 Juntos por el Cambio desde 2015. S\u00f3lo en 2019, la empresa don\u00f3 a Cambiemos un total de 13,5 millones de pesos para la campa\u00f1a de las PASO y luego otros 5,5 millones para las elecciones generales, seg\u00fan datos de la C\u00e1mara Nacional Electoral.<\/p>\n<p>La\u00a0 Bicameral funcionar\u00e1 por 18 meses y estar\u00e1 integrada por seis senadores y seis diputados y deber\u00e1 investigar si el Banco Naci\u00f3n cumpli\u00f3 con los procedimientos correspondientes al momento de otorgar los pr\u00e9stamos y sus refinanciaciones y si actu\u00f3 en cumplimiento de la normativa vigente por el Banco Central.<\/p>\n","protected":false},"excerpt":{"rendered":"<p>El oficialismo logr\u00f3 aprobar por 41 votos el proyecto que crea una comisi\u00f3n bicameral para establecer el v\u00ednculo crediticio entre el Banco Naci\u00f3n y el Grupo Vicentin. Juntos por el Cambio vot\u00f3 en contra &nbsp; &nbsp; &nbsp; Con mayor\u00eda simple, el Senado aprob\u00f3 la creaci\u00f3n de una comisi\u00f3n bicameral para que se investiguen las presuntas irregularidades en los cr\u00e9ditos que el Banco Naci\u00f3n le otorg\u00f3 a la empresa Vicentin durante el gobierno de la alianza Cambiemos. A diferencias de las \u00faltimas veces, la oposici\u00f3n particip\u00f3 del debate y vot\u00f3 en&#8230;<\/p>\n","protected":false},"author":3,"featured_media":63401,"comment_status":"closed","ping_status":"closed","sticky":false,"template":"","format":"standard","meta":[],"categories":[18],"tags":[],"_links":{"self":[{"href":"https:\/\/www.actualidadadiario.com\/index.php\/wp-json\/wp\/v2\/posts\/63400"}],"collection":[{"href":"https:\/\/www.actualidadadiario.com\/index.php\/wp-json\/wp\/v2\/posts"}],"about":[{"href":"https:\/\/www.actualidadadiario.com\/index.php\/wp-json\/wp\/v2\/types\/post"}],"author":[{"embeddable":true,"href":"https:\/\/www.actualidadadiario.com\/index.php\/wp-json\/wp\/v2\/users\/3"}],"replies":[{"embeddable":true,"href":"https:\/\/www.actualidadadiario.com\/index.php\/wp-json\/wp\/v2\/comments?post=63400"}],"version-history":[{"count":1,"href":"https:\/\/www.actualidadadiario.com\/index.php\/wp-json\/wp\/v2\/posts\/63400\/revisions"}],"predecessor-version":[{"id":63402,"href":"https:\/\/www.actualidadadiario.com\/index.php\/wp-json\/wp\/v2\/posts\/63400\/revisions\/63402"}],"wp:featuredmedia":[{"embeddable":true,"href":"https:\/\/www.actualidadadiario.com\/index.php\/wp-json\/wp\/v2\/media\/63401"}],"wp:attachment":[{"href":"https:\/\/www.actualidadadiario.com\/index.php\/wp-json\/wp\/v2\/media?parent=63400"}],"wp:term":[{"taxonomy":"category","embeddable":true,"href":"https:\/\/www.actualidadadiario.com\/index.php\/wp-json\/wp\/v2\/categories?post=63400"},{"taxonomy":"post_tag","embeddable":true,"href":"https:\/\/www.actualidadadiario.com\/index.php\/wp-json\/wp\/v2\/tags?post=63400"}],"curies":[{"name":"wp","href":"https:\/\/api.w.org\/{rel}","templated":true}]}}