{"id":63397,"date":"2020-06-25T13:08:34","date_gmt":"2020-06-25T16:08:34","guid":{"rendered":"https:\/\/www.actualidadadiario.com\/?p=63397"},"modified":"2020-06-25T13:08:34","modified_gmt":"2020-06-25T16:08:34","slug":"imputan-a-pena-y-a-triaca-por-el-accionar-de-la-mesa-judicial-de-cambiemos","status":"publish","type":"post","link":"https:\/\/www.actualidadadiario.com\/index.php\/2020\/06\/25\/imputan-a-pena-y-a-triaca-por-el-accionar-de-la-mesa-judicial-de-cambiemos\/","title":{"rendered":"Imputan a Pe\u00f1a y a Triaca por el accionar de la &#8220;mesa judicial&#8221; de Cambiemos"},"content":{"rendered":"<p style=\"text-align: center;\"><em><strong>El fiscal federal Ramiro Gonz\u00e1lez investiga la injerencia de los exfuncionarios en temas de la Justicia durante la gesti\u00f3n de Mauricio Macri<\/strong><\/em><\/p>\n<p>&nbsp;<\/p>\n<p>&nbsp;<\/p>\n<p>&nbsp;<\/p>\n<p>El fiscal federal Ramiro Gonz\u00e1lez imput\u00f3 al ex jefe de Gabinete, Marcos Pe\u00f1a, y al ex ministro de Trabajo, Jorge Triaca, en el marco de la causa en la que se investiga la supuesta injerencia del Poder Ejecutivo en temas del Poder Judicial a trav\u00e9s de la denominada \u201cmesa judicial\u201d de Cambiemos durante el gobierno de Mauricio Macri.<\/p>\n<p>En fiscal tambi\u00e9n dispuso que sean citados a prestar declaraci\u00f3n testimonial el juez recientemente jubilado Enrique Arias Gibert, que estuvo al frente de la sala V de la C\u00e1mara Nacional del Trabajo y los magistrados de otras salas de la misma c\u00e1mara, Graciela Marino, Diana Ca\u00f1al y N\u00e9stor Rodriguez Brunengo, informaron fuentes judiciales.<\/p>\n<p>Triaca qued\u00f3 imputado luego de que ayer el juez Luis Raffaghelli declarara como testigo que en marzo de 2016 el entonces ministro de Trabajo visit\u00f3 la C\u00e1mara laboral junto a colaboradores que plantearon \u201cla necesidad de consensuar la doctrina de los fallos y hacerla m\u00e1s previsible en aras de la seguridad jur\u00eddica&#8221;, lo que fue entendido como un intento injerencia indebida.<\/p>\n<p>En el caso del ex jefe de Gabinete, fue imputado luego de que la intervenci\u00f3n de la Agencia Federal de Inteligencia (AFI) encontrara una serie de correos electr\u00f3nicos en la que era la oficina del ex titular de ese organismo, Gustavo Arribas, en los que se destacaba que Pe\u00f1a era uno de los convocantes a las reuniones de la denominada \u201cmesa judicial\u201d.<\/p>\n<p>\u201cContinuando con los lineamientos trazados al momento de delimitar el objeto procesal de las presentes actuaciones e impulsar el ejercicio de la acci\u00f3n penal, como as\u00ed tambi\u00e9n las \u00faltimas constancias que fuera acompa\u00f1adas al sumario, ampl\u00edese el objeto procesal para investigar la participaci\u00f3n de Marcos Pe\u00f1a, ex Jefe de Gabinete de Ministros, y Jorge Triaca, ex Ministro de Trabajo, en los hechos que comprenden la presente investigaci\u00f3n; ello sin perjuicio que nuevos autores y part\u00edcipes puedan surgir con el desarrollo de la investigaci\u00f3n\u201d, sostuvo el fiscal Gonz\u00e1lez en el dictamen al que accedi\u00f3 T\u00e9lam.<\/p>\n<p>La causa se inici\u00f3 con una denuncia de diputados y senadores del Frente de Todos (FdT) para que se investigue el papel que jug\u00f3 la llamada &#8220;mesa judicial&#8221; durante la gesti\u00f3n de Cambiemos e incluy\u00f3 testimonios p\u00fablicos de jueces que hicieron referencia a presiones del Poder Ejecutivo mientras estuvo a cargo del ex presidente Macri.<\/p>\n<p>En esa denuncia se inclu\u00eda, como uno de los principales testimonios, el brindado por la jueza Figueroa, quien dijo en un programa de la Radio AM750 que en 2015 recibi\u00f3 la visita de un funcionario del ministerio de Justicia de la anterior gesti\u00f3n (Juan Bautista Mahiques, seg\u00fan detall\u00f3 m\u00e1s tarde en su declaraci\u00f3n) que le reclam\u00f3 que apurara un fallo judicial relacionado a la causa sobre el memor\u00e1ndum con Ir\u00e1n.<\/p>\n","protected":false},"excerpt":{"rendered":"<p>El fiscal federal Ramiro Gonz\u00e1lez investiga la injerencia de los exfuncionarios en temas de la Justicia durante la gesti\u00f3n de Mauricio Macri &nbsp; &nbsp; &nbsp; El fiscal federal Ramiro Gonz\u00e1lez imput\u00f3 al ex jefe de Gabinete, Marcos Pe\u00f1a, y al ex ministro de Trabajo, Jorge Triaca, en el marco de la causa en la que se investiga la supuesta injerencia del Poder Ejecutivo en temas del Poder Judicial a trav\u00e9s de la denominada \u201cmesa judicial\u201d de Cambiemos durante el gobierno de Mauricio Macri. En fiscal tambi\u00e9n dispuso que sean citados&#8230;<\/p>\n","protected":false},"author":3,"featured_media":63398,"comment_status":"closed","ping_status":"closed","sticky":false,"template":"","format":"standard","meta":[],"categories":[18],"tags":[],"_links":{"self":[{"href":"https:\/\/www.actualidadadiario.com\/index.php\/wp-json\/wp\/v2\/posts\/63397"}],"collection":[{"href":"https:\/\/www.actualidadadiario.com\/index.php\/wp-json\/wp\/v2\/posts"}],"about":[{"href":"https:\/\/www.actualidadadiario.com\/index.php\/wp-json\/wp\/v2\/types\/post"}],"author":[{"embeddable":true,"href":"https:\/\/www.actualidadadiario.com\/index.php\/wp-json\/wp\/v2\/users\/3"}],"replies":[{"embeddable":true,"href":"https:\/\/www.actualidadadiario.com\/index.php\/wp-json\/wp\/v2\/comments?post=63397"}],"version-history":[{"count":1,"href":"https:\/\/www.actualidadadiario.com\/index.php\/wp-json\/wp\/v2\/posts\/63397\/revisions"}],"predecessor-version":[{"id":63399,"href":"https:\/\/www.actualidadadiario.com\/index.php\/wp-json\/wp\/v2\/posts\/63397\/revisions\/63399"}],"wp:featuredmedia":[{"embeddable":true,"href":"https:\/\/www.actualidadadiario.com\/index.php\/wp-json\/wp\/v2\/media\/63398"}],"wp:attachment":[{"href":"https:\/\/www.actualidadadiario.com\/index.php\/wp-json\/wp\/v2\/media?parent=63397"}],"wp:term":[{"taxonomy":"category","embeddable":true,"href":"https:\/\/www.actualidadadiario.com\/index.php\/wp-json\/wp\/v2\/categories?post=63397"},{"taxonomy":"post_tag","embeddable":true,"href":"https:\/\/www.actualidadadiario.com\/index.php\/wp-json\/wp\/v2\/tags?post=63397"}],"curies":[{"name":"wp","href":"https:\/\/api.w.org\/{rel}","templated":true}]}}