{"id":63394,"date":"2020-06-25T13:07:52","date_gmt":"2020-06-25T16:07:52","guid":{"rendered":"https:\/\/www.actualidadadiario.com\/?p=63394"},"modified":"2020-06-25T13:07:52","modified_gmt":"2020-06-25T16:07:52","slug":"pandemia-el-presidente-llamo-a-la-accion-conjunta-en-la-region-para-hacer-frente-a-la-crisis","status":"publish","type":"post","link":"https:\/\/www.actualidadadiario.com\/index.php\/2020\/06\/25\/pandemia-el-presidente-llamo-a-la-accion-conjunta-en-la-region-para-hacer-frente-a-la-crisis\/","title":{"rendered":"Pandemia: el presidente llam\u00f3 a la acci\u00f3n conjunta en la regi\u00f3n para hacer frente a la crisis"},"content":{"rendered":"<p style=\"text-align: center;\"><em><strong>Alberto Fern\u00e1ndez realiz\u00f3 una videoconferencia con l\u00edderes de Am\u00e9rica Latina y el Caribe y Espa\u00f1a. \u201cSi no actuamos juntos, la pandemia del desempleo, la desigualdad, la pobreza y el hambre se expandir\u00e1 por la regi\u00f3n con la voracidad de un virus contagioso\u201d, dijo<\/strong><\/em><\/p>\n<p>&nbsp;<\/p>\n<p>&nbsp;<\/p>\n<p>El presidente Alberto Fern\u00e1ndez formul\u00f3 un llamado a la acci\u00f3n conjunta frente a la crisis mundial desatada por el coronavirus al participar esta ma\u00f1ana de una videoconferencia con los principales l\u00edderes de Am\u00e9rica Latina y el Caribe y Espa\u00f1a. El panel, que estuvo integrado tambi\u00e9n por representantes de organismos internacionales, tiene el objetivo de impulsar medidas para colaborar en la lucha contra el coronavirus COVID-19 en toda la regi\u00f3n.<\/p>\n<p>La Conferencia de Alto Nivel para promover la iniciativa &#8220;Juntos por una respuesta para Am\u00e9rica Latina y el Caribe ante la COVID-19&#8221; surge por decisi\u00f3n del presidente del Gobierno de Espa\u00f1a, Pedro S\u00e1nchez y busca promover un compromiso para que el Fondo Monetario Internacional y otros organismos articulen mecanismos financieros para que los pa\u00edses de la regi\u00f3n puedan paliar la crisis generada por la pandemia.<\/p>\n<p>Durante la comunicaci\u00f3n, el mandatario argentino sostuvo: \u201cSi no actuamos juntos, la pandemia del desempleo, la desigualdad, la pobreza y el hambre se expandir\u00e1 por la regi\u00f3n con la voracidad de un virus contagioso\u201d, y enfatiz\u00f3: \u201cDebemos apoyar el alivio inmediato de la deuda de los pa\u00edses m\u00e1s pobres del planeta\u201d.<\/p>\n<p>\u201cAl mismo tiempo, resulta imprescindible examinar la posibilidad de establecer un nuevo marco general de reestructuraci\u00f3n de deuda p\u00fablica, debido al impacto fiscal de las medidas dom\u00e9sticas frente a la crisis sanitaria, bajo criterios de justicia y sostenibilidad para deudores y acreedores\u201d, se\u00f1al\u00f3 el jefe de Estado.<\/p>\n<p>En el encuentro virtual, el presidente Fern\u00e1ndez propuso la creaci\u00f3n de un Comit\u00e9 Global para el Manejo de Crisis, cuyas funciones incluyan el intercambio de informaci\u00f3n sobre contagios, el desarrollo de vacunas y tratamientos, la implementaci\u00f3n de testeos masivos, y la coordinaci\u00f3n de salidas progresivas a las restricciones al transporte y el comercio internacional. Y destac\u00f3: \u201cLa gobernanza de la crisis, que est\u00e1 lejos de concluir, es el primer desaf\u00edo que debemos acordar en conjunto\u201d. Asimismo, subray\u00f3 que \u201cresulta imperioso promover un cambio en la visi\u00f3n sobre el rol del Estado y el sistema financiero, la lucha contra el cambio clim\u00e1tico y las desigualdades, los desaf\u00edos de la educaci\u00f3n de cara a la econom\u00eda del futuro, y el lugar de la mujer\u201d.<\/p>\n<p>En cuanto al caso de Argentina, el Presidente explic\u00f3 que \u201cestamos involucrados en una negociaci\u00f3n de buena fe que permita restaurar las condiciones de crecimiento post pandemia, recobrar la capacidad de pago de la deuda, y garantizar un sendero de crecimiento sostenible que no reproduzca desigualdades\u201d.<\/p>\n<p>El encuentro cont\u00f3 con la participaci\u00f3n de los jefes de Estado de Chile, Sebasti\u00e1n Pi\u00f1era; Colombia, Iv\u00e1n Duque M\u00e1rquez; Costa Rica, Carlos Alvarado Quesada; Ecuador, Lenin Moreno; Per\u00fa, Mart\u00edn Vizcarra; Paraguay, Mario Abdo Ben\u00edtez; Rep\u00fablica Dominicana, Danilo Medina; y Uruguay, Luis Lacalle Pou. Tambi\u00e9n form\u00f3 parte la primera ministra de Barbados y presidenta de la Comunidad del Caribe (Caricom), Mia Mottley. Estuvieron presentes, adem\u00e1s, la directora gerente del Fondo Monetario Internacional (FMI), Kristalina Georgieva; el vicepresidente del Banco Mundial, Carlos Felipe Jaramillo; y el presidente del BID (Banco Interamericano de Desarrollo), Luis Alberto Moreno.<\/p>\n<p>La reuni\u00f3n virtual cont\u00f3 con tres bloques en los que los jefes de Estado explicaron la situaci\u00f3n de cada pa\u00eds en el marco de la lucha contra el coronavirus, y finaliz\u00f3 con una declaraci\u00f3n conjunta de todos los participantes que incluy\u00f3 las propuestas de elevar los flujos de inversi\u00f3n para la regi\u00f3n, y de respaldar medidas como la reestructuraci\u00f3n y alivios de deudas por parte de los organismos internacionales.<\/p>\n<p>Durante la videoconferencia, los representantes de organismos internacionales tambi\u00e9n realizaron un diagn\u00f3stico sobre la situaci\u00f3n regional.<\/p>\n<p>Participaron adem\u00e1s la Secretaria Ejecutiva de la CEPAL (Comisi\u00f3n Econ\u00f3mica de Naciones Unidas para Am\u00e9rica Latina y el Caribe), Alicia B\u00e1rcena; la secretaria General Iberoamericana, Rebeca Grynspan; el presidente Ejecutivo del Banco de Desarrollo de Am\u00e9rica Latina (CAF), Luis Carranza; y el presidente Ejecutivo del Banco Centroamericano de Integraci\u00f3n Econ\u00f3mica (BCIE), Dante Mossi.<\/p>\n","protected":false},"excerpt":{"rendered":"<p>Alberto Fern\u00e1ndez realiz\u00f3 una videoconferencia con l\u00edderes de Am\u00e9rica Latina y el Caribe y Espa\u00f1a. \u201cSi no actuamos juntos, la pandemia del desempleo, la desigualdad, la pobreza y el hambre se expandir\u00e1 por la regi\u00f3n con la voracidad de un virus contagioso\u201d, dijo &nbsp; &nbsp; El presidente Alberto Fern\u00e1ndez formul\u00f3 un llamado a la acci\u00f3n conjunta frente a la crisis mundial desatada por el coronavirus al participar esta ma\u00f1ana de una videoconferencia con los principales l\u00edderes de Am\u00e9rica Latina y el Caribe y Espa\u00f1a. El panel, que estuvo integrado tambi\u00e9n&#8230;<\/p>\n","protected":false},"author":3,"featured_media":63395,"comment_status":"closed","ping_status":"closed","sticky":false,"template":"","format":"standard","meta":[],"categories":[18],"tags":[],"_links":{"self":[{"href":"https:\/\/www.actualidadadiario.com\/index.php\/wp-json\/wp\/v2\/posts\/63394"}],"collection":[{"href":"https:\/\/www.actualidadadiario.com\/index.php\/wp-json\/wp\/v2\/posts"}],"about":[{"href":"https:\/\/www.actualidadadiario.com\/index.php\/wp-json\/wp\/v2\/types\/post"}],"author":[{"embeddable":true,"href":"https:\/\/www.actualidadadiario.com\/index.php\/wp-json\/wp\/v2\/users\/3"}],"replies":[{"embeddable":true,"href":"https:\/\/www.actualidadadiario.com\/index.php\/wp-json\/wp\/v2\/comments?post=63394"}],"version-history":[{"count":1,"href":"https:\/\/www.actualidadadiario.com\/index.php\/wp-json\/wp\/v2\/posts\/63394\/revisions"}],"predecessor-version":[{"id":63396,"href":"https:\/\/www.actualidadadiario.com\/index.php\/wp-json\/wp\/v2\/posts\/63394\/revisions\/63396"}],"wp:featuredmedia":[{"embeddable":true,"href":"https:\/\/www.actualidadadiario.com\/index.php\/wp-json\/wp\/v2\/media\/63395"}],"wp:attachment":[{"href":"https:\/\/www.actualidadadiario.com\/index.php\/wp-json\/wp\/v2\/media?parent=63394"}],"wp:term":[{"taxonomy":"category","embeddable":true,"href":"https:\/\/www.actualidadadiario.com\/index.php\/wp-json\/wp\/v2\/categories?post=63394"},{"taxonomy":"post_tag","embeddable":true,"href":"https:\/\/www.actualidadadiario.com\/index.php\/wp-json\/wp\/v2\/tags?post=63394"}],"curies":[{"name":"wp","href":"https:\/\/api.w.org\/{rel}","templated":true}]}}