{"id":63383,"date":"2020-06-25T13:04:34","date_gmt":"2020-06-25T16:04:34","guid":{"rendered":"https:\/\/www.actualidadadiario.com\/?p=63383"},"modified":"2020-06-25T13:04:34","modified_gmt":"2020-06-25T16:04:34","slug":"clima-ola-polar-cubre-el-pais-y-se-anuncian-nevadas","status":"publish","type":"post","link":"https:\/\/www.actualidadadiario.com\/index.php\/2020\/06\/25\/clima-ola-polar-cubre-el-pais-y-se-anuncian-nevadas\/","title":{"rendered":"Clima: ola polar cubre el pa\u00eds y se anuncian nevadas"},"content":{"rendered":"<p style=\"text-align: center;\"><em><strong>El SMN inform\u00f3 que un frente muy fr\u00edo ingres\u00f3 al pa\u00eds y pronostic\u00f3 la posibilidad de nevadas en varias provincias<\/strong><\/em><\/p>\n<p>&nbsp;<\/p>\n<p>&nbsp;<\/p>\n<p>Seg\u00fan inform\u00f3 el Servicio Meteorol\u00f3gico Nacional (SMN), el fr\u00edo se instalar\u00e1 en el pa\u00eds por el ingreso de una ola polar.<\/p>\n<p>En ese sentido, se espera cielo algo nublado, vientos del sudoeste y temperaturas que ir\u00e1n de los 7 a los 13 grados.<\/p>\n<p>El Servicio Meteorol\u00f3gico Nacional (SMN) inform\u00f3 que se espera la llegada de una masa de aire muy fr\u00edo que afectar\u00e1 a todo el territorio nacional por lo menos hasta el lunes 29 de junio inclusive.<\/p>\n<p>Con este frente fr\u00edo, la zona patag\u00f3nica evidenciar\u00e1 temperaturas m\u00ednimas entre -9 y -4 grados en el oeste de las provincias, con los menores valores especialmente en el centro y oeste de la provincia de Santa Cruz, donde las temperaturas m\u00e1ximas oscilar\u00e1n entre -5 y 2 grados.<\/p>\n<p>En varias zonas del pa\u00eds, como la Patagonia y C\u00f3rdoba, se prev\u00e9n nevadas.<\/p>\n<p>El viernes se prev\u00e9 en la Ciudad de Buenos Aires cielo parcial a mayormente nublado, vientos del oeste rotando al sudoeste y luego al noreste, con marcas t\u00e9rmicas que oscilar\u00e1n entre los 5 y los 13 grados.<\/p>\n<p>Para el s\u00e1bado se anuncia cielo mayormente nublado y vientos del sudeste cambiando al noreste, con una temperatura m\u00ednima de 5 grados y una m\u00e1xima de 13.<\/p>\n<p>En tanto el domingo, el d\u00eda m\u00e1s fr\u00edo, se espera cielo mayormente nublado, vientos del este rotando al noreste y marcas t\u00e9rmicas que ir\u00e1n de los 4 a los 13 grados.<\/p>\n","protected":false},"excerpt":{"rendered":"<p>El SMN inform\u00f3 que un frente muy fr\u00edo ingres\u00f3 al pa\u00eds y pronostic\u00f3 la posibilidad de nevadas en varias provincias &nbsp; &nbsp; Seg\u00fan inform\u00f3 el Servicio Meteorol\u00f3gico Nacional (SMN), el fr\u00edo se instalar\u00e1 en el pa\u00eds por el ingreso de una ola polar. En ese sentido, se espera cielo algo nublado, vientos del sudoeste y temperaturas que ir\u00e1n de los 7 a los 13 grados. El Servicio Meteorol\u00f3gico Nacional (SMN) inform\u00f3 que se espera la llegada de una masa de aire muy fr\u00edo que afectar\u00e1 a todo el territorio nacional&#8230;<\/p>\n","protected":false},"author":3,"featured_media":63384,"comment_status":"closed","ping_status":"closed","sticky":false,"template":"","format":"standard","meta":[],"categories":[2],"tags":[],"_links":{"self":[{"href":"https:\/\/www.actualidadadiario.com\/index.php\/wp-json\/wp\/v2\/posts\/63383"}],"collection":[{"href":"https:\/\/www.actualidadadiario.com\/index.php\/wp-json\/wp\/v2\/posts"}],"about":[{"href":"https:\/\/www.actualidadadiario.com\/index.php\/wp-json\/wp\/v2\/types\/post"}],"author":[{"embeddable":true,"href":"https:\/\/www.actualidadadiario.com\/index.php\/wp-json\/wp\/v2\/users\/3"}],"replies":[{"embeddable":true,"href":"https:\/\/www.actualidadadiario.com\/index.php\/wp-json\/wp\/v2\/comments?post=63383"}],"version-history":[{"count":1,"href":"https:\/\/www.actualidadadiario.com\/index.php\/wp-json\/wp\/v2\/posts\/63383\/revisions"}],"predecessor-version":[{"id":63385,"href":"https:\/\/www.actualidadadiario.com\/index.php\/wp-json\/wp\/v2\/posts\/63383\/revisions\/63385"}],"wp:featuredmedia":[{"embeddable":true,"href":"https:\/\/www.actualidadadiario.com\/index.php\/wp-json\/wp\/v2\/media\/63384"}],"wp:attachment":[{"href":"https:\/\/www.actualidadadiario.com\/index.php\/wp-json\/wp\/v2\/media?parent=63383"}],"wp:term":[{"taxonomy":"category","embeddable":true,"href":"https:\/\/www.actualidadadiario.com\/index.php\/wp-json\/wp\/v2\/categories?post=63383"},{"taxonomy":"post_tag","embeddable":true,"href":"https:\/\/www.actualidadadiario.com\/index.php\/wp-json\/wp\/v2\/tags?post=63383"}],"curies":[{"name":"wp","href":"https:\/\/api.w.org\/{rel}","templated":true}]}}