{"id":63370,"date":"2020-06-25T13:00:48","date_gmt":"2020-06-25T16:00:48","guid":{"rendered":"https:\/\/www.actualidadadiario.com\/?p=63370"},"modified":"2020-06-25T13:00:48","modified_gmt":"2020-06-25T16:00:48","slug":"aulas-burbuja-para-el-regreso-a-clases-que-todavia-no-tiene-fecha","status":"publish","type":"post","link":"https:\/\/www.actualidadadiario.com\/index.php\/2020\/06\/25\/aulas-burbuja-para-el-regreso-a-clases-que-todavia-no-tiene-fecha\/","title":{"rendered":"Aulas &#8220;burbuja&#8221; para el regreso a clases, que todav\u00eda no tiene fecha"},"content":{"rendered":"<p style=\"text-align: center;\"><em><strong>El ministro de Educaci\u00f3n, Nicol\u00e1s Trotta, present\u00f3 un protocolo que busca asegurar el distanciamiento social en el regreso a clases. Apunta a que sea en agosto en los distritos sin circulaci\u00f3n viral, aunque ser\u00e1 una decisi\u00f3n de los gobernadores<\/strong><\/em><\/p>\n<p>&nbsp;<\/p>\n<p>&nbsp;<\/p>\n<p>&nbsp;<\/p>\n<p>Todav\u00eda no hay fecha para el reinicio de las clases, y menos, por supuesto, en los distritos m\u00e1s castigados por la pandemia, como el \u00c1rea Metropolitana y la provincia de Chaco, pero ya existe un protocolo para el regreso a la escuela, que estar\u00e1 regido por el distanciamento social y se basar\u00e1 en el concepto de aula \u201cburbuja\u201d.<\/p>\n<p>El protocolo, que ser\u00e1 debatido en la pr\u00f3xima reuni\u00f3n del Consejo Federal de Educaci\u00f3n, fue presentado este mi\u00e9rcoles por el ministro de Educaci\u00f3n, Nicol\u00e1s Trotta, en conjunto con el Consejo Asesor que busca delinear el formato de las clases presenciales poscuarentena y que es encabezado por el bi\u00f3logo Diego Golombek.<\/p>\n<p>\u201cPodemos imaginar que ser\u00e1 en agosto\u201d, dijo Trotta, respecto de la fecha en que podr\u00edan reanudarse las clases en las provincias donde no hay circulaci\u00f3n viral, aunque advirti\u00f3 que ser\u00e1 una decisi\u00f3n de los gobernadores. Lo seguro es que las universidades volver\u00e1n m\u00e1s tarde a la ense\u00f1anza en modalidad presencial.<\/p>\n<p>El protocolo anunciado contempla el uso de tapabocas desde los primeros grados y un distanciamiento obligatorio entre alumnos y entre \u00e9stos y sus docentes de 1,5 a 2 metros. Estas y otras medidas demandar\u00e1n de los establecimientos educativos una readecuaci\u00f3n previa de las instalaciones y una capacitaci\u00f3n para todo el personal.<\/p>\n<p>El requisito del distanciamiento f\u00edsico fue presentado bajo el concepto de aula \u201cburbuja\u201d, con espacios comunes en los que se sientan, en forma de cruz, ocho estudiantes separados por una distancia m\u00ednima de 1,5 metros.<\/p>\n<p>El tapabocas de los ni\u00f1os y adolescentes debe cubrir nariz, boca y ment\u00f3n, medida que no se adoptar\u00e1 en los jardines de infantes.<\/p>\n<p>Todas las escuelas deber\u00e1n asegurar el acceso de los alumnos y docentes a agua potable, jab\u00f3n, toallas de papel descartables, alcohol en gel o l\u00edquido al 70\u00b0, en todas las instalaciones.<\/p>\n<p>Est\u00e1 claro que la asistencia a clases no ser\u00e1 todos los d\u00edas, sino que se impartir\u00e1n a grupos reducidos en d\u00edas o semanas alternados. Esa movilidad escalonada est\u00e1 supeditada a las necesidades del distanciamiento social y tambi\u00e9n a la reducci\u00f3n del uso del transporte p\u00fablico y escolar, de manera de asegurar las condiciones sanitarias adecuadas para el traslado de los chicos.<\/p>\n<p>La propuesta, seg\u00fan los distritos, es que cada escuela dise\u00f1en un esquema de grupos \u00e1ulicos que est\u00e9n integrados por ni\u00f1os de los mismos barrios, medida que deber\u00e1 estar acompa\u00f1ada por el desarrollo de un plan integral de transporte que garantice una mayor frecuencia de colectivos que evite las aglomeraciones en horas pico.<\/p>\n<p>El protocolo proh\u00edbe la realizaci\u00f3n de eventos o reuniones dentro de los colegios, y prev\u00e9 que, que en caso de registrarse un caso positivo de Covid-19 o ante la sospecha de que existe un contagio en la escuela, las clases se suspender\u00e1n por un d\u00eda para realizar una desinfecci\u00f3n exhaustiva del establecimiento.<\/p>\n<p>&nbsp;<\/p>\n","protected":false},"excerpt":{"rendered":"<p>El ministro de Educaci\u00f3n, Nicol\u00e1s Trotta, present\u00f3 un protocolo que busca asegurar el distanciamiento social en el regreso a clases. Apunta a que sea en agosto en los distritos sin circulaci\u00f3n viral, aunque ser\u00e1 una decisi\u00f3n de los gobernadores &nbsp; &nbsp; &nbsp; Todav\u00eda no hay fecha para el reinicio de las clases, y menos, por supuesto, en los distritos m\u00e1s castigados por la pandemia, como el \u00c1rea Metropolitana y la provincia de Chaco, pero ya existe un protocolo para el regreso a la escuela, que estar\u00e1 regido por el distanciamento&#8230;<\/p>\n","protected":false},"author":3,"featured_media":63371,"comment_status":"closed","ping_status":"closed","sticky":false,"template":"","format":"standard","meta":[],"categories":[9],"tags":[],"_links":{"self":[{"href":"https:\/\/www.actualidadadiario.com\/index.php\/wp-json\/wp\/v2\/posts\/63370"}],"collection":[{"href":"https:\/\/www.actualidadadiario.com\/index.php\/wp-json\/wp\/v2\/posts"}],"about":[{"href":"https:\/\/www.actualidadadiario.com\/index.php\/wp-json\/wp\/v2\/types\/post"}],"author":[{"embeddable":true,"href":"https:\/\/www.actualidadadiario.com\/index.php\/wp-json\/wp\/v2\/users\/3"}],"replies":[{"embeddable":true,"href":"https:\/\/www.actualidadadiario.com\/index.php\/wp-json\/wp\/v2\/comments?post=63370"}],"version-history":[{"count":1,"href":"https:\/\/www.actualidadadiario.com\/index.php\/wp-json\/wp\/v2\/posts\/63370\/revisions"}],"predecessor-version":[{"id":63372,"href":"https:\/\/www.actualidadadiario.com\/index.php\/wp-json\/wp\/v2\/posts\/63370\/revisions\/63372"}],"wp:featuredmedia":[{"embeddable":true,"href":"https:\/\/www.actualidadadiario.com\/index.php\/wp-json\/wp\/v2\/media\/63371"}],"wp:attachment":[{"href":"https:\/\/www.actualidadadiario.com\/index.php\/wp-json\/wp\/v2\/media?parent=63370"}],"wp:term":[{"taxonomy":"category","embeddable":true,"href":"https:\/\/www.actualidadadiario.com\/index.php\/wp-json\/wp\/v2\/categories?post=63370"},{"taxonomy":"post_tag","embeddable":true,"href":"https:\/\/www.actualidadadiario.com\/index.php\/wp-json\/wp\/v2\/tags?post=63370"}],"curies":[{"name":"wp","href":"https:\/\/api.w.org\/{rel}","templated":true}]}}